{"id":1123,"date":"2018-09-26T12:39:54","date_gmt":"2018-09-26T12:39:54","guid":{"rendered":"http:\/\/vmttdprod01.cadm.pjud\/ttd\/?p=1123"},"modified":"2018-09-26T12:42:58","modified_gmt":"2018-09-26T12:42:58","slug":"gobierno-presentara-proyecto-para-crear-en-todo-el-pais-los-tribunales-de-tratamiento-de-drogas-y-alcohol-fuente-emol-com-httpswww-emol-comnoticiasnacional20180926921797gobierno-presenta","status":"publish","type":"post","link":"https:\/\/ttd.pjud.cl\/ttd\/?p=1123","title":{"rendered":"Gobierno presentar\u00e1 proyecto para crear en todo el pa\u00eds los Tribunales de Tratamiento de Drogas y Alcohol"},"content":{"rendered":"<p>Gobierno presentar\u00e1 proyecto para crear en todo el pa\u00eds los Tribunales de Tratamiento de Drogas y AlcoholMinistro de Justicia, Hern\u00e1n Larra\u00edn, anunci\u00f3 en un coloquio organizado por el Poder Judicial que la iniciativa se presentar\u00e1 a mediados de 2019, para que ingresen todos los imputados que lo requieran.<\/p>\n<p>SANTIAGO.- El ministro de Justicia, Hern\u00e1n Larra\u00edn, anunci\u00f3 que se enviar\u00e1 al Congreso una iniciativa legal a mediados de 2019, a ra\u00edz de los buenos resultados que ha mostrado el programa de los Tribunales de Tratamiento de Drogas y Alcohol (TTD), en la disminuci\u00f3n de la reincidencia. El principal prop\u00f3sito del programa TTD es disminuir la probabilidad de reincidencia delictual a trav\u00e9s de la derivaci\u00f3n a rehabilitaci\u00f3n de los infractores adultos y juveniles que presentan un consumo problem\u00e1tico de drogas o alcohol. El Gobierno, seg\u00fan explic\u00f3 Larra\u00edn, decidi\u00f3 establecer un r\u00e9gimen legal para que el acceso a este programa llegue a todo el pa\u00eds y para que cuente con una institucionalidad formal en el ordenamiento jur\u00eddico. &#8220;No solamente todos los tribunales deben estar preparados y capacitados con los mismos procedimientos para adoptarlos, sino tambi\u00e9n, por ejemplo, los sistemas de rehabilitaci\u00f3n&#8221;, dijo. La baja tasa de reincidencia delictual fue considerada por el Ejecutivo para convertir en ley el programa. &#8220;Para nuestro gobierno, la reinserci\u00f3n es un tema central. Por demasiados a\u00f1os, todo nuestro sistema, sobre todo en el \u00e1mbito de Gendarmer\u00eda, ha estado concentrado en el esfuerzo sobre la custodia y seguridad interna, y no hemos hecho el mismo esfuerzo sobre la proyecci\u00f3n de esa persona cuando se reinserta en la sociedad&#8221;, afirm\u00f3 el secretario de Estado.<\/p>\n<p>Fuente: Emol.com &#8211; <a href=\"https:\/\/www.emol.com\/noticias\/Nacional\/2018\/09\/26\/921797\/Gobierno-presentara-proyecto-para-crear-en-todo-el-pais-los-Tribunales-de-Tratamiento-de-Drogas-y-Alcohol.html\">https:\/\/www.emol.com\/noticias\/Nacional\/2018\/09\/26\/921797\/Gobierno-presentara-proyecto-para-crear-en-todo-el-pais-los-Tribunales-de-Tratamiento-de-Drogas-y-Alcohol.html<\/a><\/p>\n<p>26 de Septiembre de 2018 | 06:20 | Emol<\/p>\n<div class=\"su-custom-gallery su-custom-gallery-align-left su-custom-gallery-title-hover\"><div class=\"su-custom-gallery-slide\" style=\"width:270px;height:210px\"><a><img loading=\"lazy\" decoding=\"async\" src=\"https:\/\/ttd.pjud.cl\/ttd\/wp-content\/uploads\/2018\/09\/file_20180926063019-270x210.jpg\" alt=\"file_20180926063019\" width=\"270\" height=\"210\" \/><span class=\"su-custom-gallery-title\">file_20180926063019<\/span><\/a><\/div><div class=\"su-clear\"><\/div><\/div>\n","protected":false},"excerpt":{"rendered":"<p>Gobierno presentar\u00e1 proyecto para crear en todo el pa\u00eds los Tribunales de Tratamiento de Drogas y AlcoholMinistro de Justicia, Hern\u00e1n Larra\u00edn, anunci\u00f3 en un coloquio organizado por el Poder Judicial&#8230; <a class=\"continue-reading-link\" href=\"https:\/\/ttd.pjud.cl\/ttd\/?p=1123\">Leer m\u00e1s &#8230;<\/a><\/p>\n","protected":false},"author":2,"featured_media":1125,"comment_status":"open","ping_status":"open","sticky":false,"template":"","format":"standard","meta":{"footnotes":""},"categories":[1],"tags":[],"class_list":["post-1123","post","type-post","status-publish","format-standard","has-post-thumbnail","hentry","category-sin-categoria"],"_links":{"self":[{"href":"https:\/\/ttd.pjud.cl\/ttd\/index.php?rest_route=\/wp\/v2\/posts\/1123"}],"collection":[{"href":"https:\/\/ttd.pjud.cl\/ttd\/index.php?rest_route=\/wp\/v2\/posts"}],"about":[{"href":"https:\/\/ttd.pjud.cl\/ttd\/index.php?rest_route=\/wp\/v2\/types\/post"}],"author":[{"embeddable":true,"href":"https:\/\/ttd.pjud.cl\/ttd\/index.php?rest_route=\/wp\/v2\/users\/2"}],"replies":[{"embeddable":true,"href":"https:\/\/ttd.pjud.cl\/ttd\/index.php?rest_route=%2Fwp%2Fv2%2Fcomments&post=1123"}],"version-history":[{"count":4,"href":"https:\/\/ttd.pjud.cl\/ttd\/index.php?rest_route=\/wp\/v2\/posts\/1123\/revisions"}],"predecessor-version":[{"id":1129,"href":"https:\/\/ttd.pjud.cl\/ttd\/index.php?rest_route=\/wp\/v2\/posts\/1123\/revisions\/1129"}],"wp:featuredmedia":[{"embeddable":true,"href":"https:\/\/ttd.pjud.cl\/ttd\/index.php?rest_route=\/wp\/v2\/media\/1125"}],"wp:attachment":[{"href":"https:\/\/ttd.pjud.cl\/ttd\/index.php?rest_route=%2Fwp%2Fv2%2Fmedia&parent=1123"}],"wp:term":[{"taxonomy":"category","embeddable":true,"href":"https:\/\/ttd.pjud.cl\/ttd\/index.php?rest_route=%2Fwp%2Fv2%2Fcategories&post=1123"},{"taxonomy":"post_tag","embeddable":true,"href":"https:\/\/ttd.pjud.cl\/ttd\/index.php?rest_route=%2Fwp%2Fv2%2Ftags&post=1123"}],"curies":[{"name":"wp","href":"https:\/\/api.w.org\/{rel}","templated":true}]}}