{"id":1157,"date":"2018-10-01T12:11:40","date_gmt":"2018-10-01T12:11:40","guid":{"rendered":"http:\/\/vmttdprod01.cadm.pjud\/ttd\/?p=1157"},"modified":"2018-10-01T12:11:40","modified_gmt":"2018-10-01T12:11:40","slug":"ministro-roberto-contreras-capacita-a-integrantes-de-juzgado-de-garantia-de-coquimbo-en-tramitacion-de-audiencias-de-ttd","status":"publish","type":"post","link":"https:\/\/ttd.pjud.cl\/ttd\/?p=1157","title":{"rendered":"MINISTRO ROBERTO CONTRERAS CAPACITA A INTEGRANTES DE JUZGADO DE GARANT\u00cdA DE COQUIMBO EN TRAMITACI\u00d3N DE AUDIENCIAS DE TTD"},"content":{"rendered":"<p>Magistrados y funcionarios del Juzgado de Garant\u00eda de Coquimbo, en conjunto con representantes de Fiscal\u00eda, Defensor\u00eda Penal P\u00fablica\u00a0 y Senda, asistieron a la charla dictada por el ministro encargado de los Tribunales de Tratamiento de Drogas (TTD), Roberto Contreras.<\/p>\n<p>En la oportunidad, se continu\u00f3 con el trabajo de fortalecimiento del programa TTD en la jurisdicci\u00f3n de La Serena, que fue implementado en el Juzgado de Garant\u00eda de Coquimbo en 2013. Actualemnte existen 8 personas en tratamiento y se han realizado 18 egresos con alta terap\u00e9utica.<\/p>\n<p>El objetivo del programa es beneficiar con la entrega de tratamiento a consumidores problem\u00e1ticos de drogas y alcohol que han cometido delito por primera vez, proceso que es supervisado judicialmente mediante la intervenci\u00f3n tanto del juez a cargo de la causa como el fiscal, defensor, organismos y dupla sico-social a cargo de la rehabilitaci\u00f3n.<\/p>\n<p>En la jornada fueron capacitados tambi\u00e9n los funcionarios del tribunal en el manejo de los m\u00f3dulos de tramitaci\u00f3n de audiencias de TTD, que permite optimizar los resultados del programa.<\/p>\n<p><img decoding=\"async\" src=\"https:\/\/ttd.pjud.cl\/ttd\/wp-content\/uploads\/2018\/10\/06-09-ttd1.jpg\" alt=\"\" \/><\/p>\n<p>&nbsp;<\/p>\n<blockquote><p>En la oportunidad, se continu\u00f3 con el trabajo de fortalecimiento del programa TTD en la jurisdicci\u00f3n de La Serena, que fue implementado en el Juzgado de Garant\u00eda de Coquimbo en 2013. Actualemnte existen 8 personas en tratamiento y se han realizado 18 egresos con alta terap\u00e9utica.<\/p><\/blockquote>\n","protected":false},"excerpt":{"rendered":"<p>Magistrados y funcionarios del Juzgado de Garant\u00eda de Coquimbo, en conjunto con representantes de Fiscal\u00eda, Defensor\u00eda Penal P\u00fablica\u00a0 y Senda, asistieron a la charla dictada por el ministro encargado de&#8230; <a class=\"continue-reading-link\" href=\"https:\/\/ttd.pjud.cl\/ttd\/?p=1157\">Leer m\u00e1s &#8230;<\/a><\/p>\n","protected":false},"author":2,"featured_media":1158,"comment_status":"open","ping_status":"open","sticky":false,"template":"","format":"standard","meta":{"footnotes":""},"categories":[1],"tags":[],"class_list":["post-1157","post","type-post","status-publish","format-standard","has-post-thumbnail","hentry","category-sin-categoria"],"_links":{"self":[{"href":"https:\/\/ttd.pjud.cl\/ttd\/index.php?rest_route=\/wp\/v2\/posts\/1157"}],"collection":[{"href":"https:\/\/ttd.pjud.cl\/ttd\/index.php?rest_route=\/wp\/v2\/posts"}],"about":[{"href":"https:\/\/ttd.pjud.cl\/ttd\/index.php?rest_route=\/wp\/v2\/types\/post"}],"author":[{"embeddable":true,"href":"https:\/\/ttd.pjud.cl\/ttd\/index.php?rest_route=\/wp\/v2\/users\/2"}],"replies":[{"embeddable":true,"href":"https:\/\/ttd.pjud.cl\/ttd\/index.php?rest_route=%2Fwp%2Fv2%2Fcomments&post=1157"}],"version-history":[{"count":1,"href":"https:\/\/ttd.pjud.cl\/ttd\/index.php?rest_route=\/wp\/v2\/posts\/1157\/revisions"}],"predecessor-version":[{"id":1159,"href":"https:\/\/ttd.pjud.cl\/ttd\/index.php?rest_route=\/wp\/v2\/posts\/1157\/revisions\/1159"}],"wp:featuredmedia":[{"embeddable":true,"href":"https:\/\/ttd.pjud.cl\/ttd\/index.php?rest_route=\/wp\/v2\/media\/1158"}],"wp:attachment":[{"href":"https:\/\/ttd.pjud.cl\/ttd\/index.php?rest_route=%2Fwp%2Fv2%2Fmedia&parent=1157"}],"wp:term":[{"taxonomy":"category","embeddable":true,"href":"https:\/\/ttd.pjud.cl\/ttd\/index.php?rest_route=%2Fwp%2Fv2%2Fcategories&post=1157"},{"taxonomy":"post_tag","embeddable":true,"href":"https:\/\/ttd.pjud.cl\/ttd\/index.php?rest_route=%2Fwp%2Fv2%2Ftags&post=1157"}],"curies":[{"name":"wp","href":"https:\/\/api.w.org\/{rel}","templated":true}]}}