{"id":1168,"date":"2018-12-03T13:18:16","date_gmt":"2018-12-03T13:18:16","guid":{"rendered":"http:\/\/vmttdprod01.cadm.pjud\/ttd\/?p=1168"},"modified":"2018-12-03T13:18:16","modified_gmt":"2018-12-03T13:18:16","slug":"ministro-roberto-contreras-expone-sobre-rehabilitacion-en-comunidad-en-la-10-semana-de-la-seguridad-ciudadana","status":"publish","type":"post","link":"https:\/\/ttd.pjud.cl\/ttd\/?p=1168","title":{"rendered":"MINISTRO ROBERTO CONTRERAS EXPONE SOBRE REHABILITACI\u00d3N EN COMUNIDAD EN LA 10\u00b0 SEMANA DE LA SEGURIDAD CIUDADANA"},"content":{"rendered":"<p>El ministro de la Corte de Apelaciones de San Miguel Roberto Contreras, quien adem\u00e1s es presidente de la Comisi\u00f3n Permanente de Mecanismos Alternativos y Restaurativos de Resoluci\u00f3n de Conflictos y TTD\u00a0 (MARCTTD) de la Cumbre Judicial Iberoamericana, particip\u00f3 como expositor en la 10\u00b0 Semana de la Seguridad Ciudadana, encuentro organizado por el\u00a0 Banco Interamericano de Desarrollo y el Ministerio del Interior y Seguridad P\u00fablica de Chile.<\/p>\n<p>La actividad -efectuada entre el 26 y 30 de noviembre-\u00a0 tiene por objetivo ofrecer a los responsables de pol\u00edticas p\u00fablicas en seguridad ciudadana y a los directores de programas de prevenci\u00f3n y control de violencia y delitos, una plataforma de di\u00e1logo e intercambio en los principales retos que se afrontan en esta materia. En esta edici\u00f3n se abordaron los principales aprendizajes y desaf\u00edos en la gesti\u00f3n integral de la seguridad ciudadana y justicia desde la prevenci\u00f3n hasta la reinserci\u00f3n.<\/p>\n<p>El ministro Contreras \u2013quien es\u00a0 coordinador a nivel nacional del programa de Tribunales de Tratamiento de Drogas- expuso el\u00a0 jueves 29 de noviembre como parte de un panel compuesto por representantes de Estados Unidos, Espa\u00f1a e Italia llamado &#8220;Reinserci\u00f3n social:\u00a0 evolucionando hacia un sistema de rehabilitaci\u00f3n en comunidad&#8221;.<\/p>\n<p>&#8220;Fui invitado a mostrar los avances que hemos tenido en Chile y en algunos pa\u00edses de Iberoam\u00e9rica tambi\u00e9n\u00a0 en relaci\u00f3n\u00a0 a mecanismos alternativos de resoluci\u00f3n de conflictos, espec\u00edficamente los Tribunales de Tratamiento de Drogas y de qu\u00e9 manera la estrategia para enfrentar la relaci\u00f3n droga \/ delitos ha\u00a0 ido dando ciertos resultados que tienen una incidencia positiva en materia de seguridad p\u00fablica&#8221;, se\u00f1al\u00f3.<\/p>\n<div id=\"su_carousel_69f2ce5c09d95\" class=\"su-carousel su-carousel-centered su-carousel-pages-no su-carousel-responsive-yes\" style=\"width:100%\" data-autoplay=\"3000\" data-speed=\"600\" data-mousewheel=\"true\" data-items=\"3\" data-scroll=\"1\"><div class=\"su-carousel-slides\"><div class=\"su-carousel-slide\"><a><img decoding=\"async\" src=\"https:\/\/ttd.pjud.cl\/ttd\/wp-content\/uploads\/2018\/12\/31167805417_290dbf4ce0_o-195x340.jpg\" alt=\"\" \/><\/a><\/div><div class=\"su-carousel-slide\"><a><img decoding=\"async\" src=\"https:\/\/ttd.pjud.cl\/ttd\/wp-content\/uploads\/2018\/12\/44289806130_d53afa9ce1_o-195x340.jpg\" alt=\"\" \/><\/a><\/div><div class=\"su-carousel-slide\"><a><img decoding=\"async\" src=\"https:\/\/ttd.pjud.cl\/ttd\/wp-content\/uploads\/2018\/12\/7361c1d6-b81c-4b35-a478-f1bda3a8c4fe-195x340.jpg\" alt=\"\" \/><\/a><\/div><div class=\"su-carousel-slide\"><a><img decoding=\"async\" src=\"https:\/\/ttd.pjud.cl\/ttd\/wp-content\/uploads\/2018\/12\/1f475970-ba2f-4617-b551-9653817ae7b2-195x340.jpg\" alt=\"\" \/><\/a><\/div><div class=\"su-carousel-slide\"><a><img decoding=\"async\" src=\"https:\/\/ttd.pjud.cl\/ttd\/wp-content\/uploads\/2018\/12\/46106222491_60d56a64a2_o-195x340.jpg\" alt=\"\" \/><\/a><\/div><div class=\"su-carousel-slide\"><a><img decoding=\"async\" src=\"https:\/\/ttd.pjud.cl\/ttd\/wp-content\/uploads\/2018\/12\/ec35fdbe-1227-429a-9763-269c4f5e9ead-195x340.jpg\" alt=\"\" \/><\/a><\/div><\/div><div class=\"su-carousel-nav\"><div class=\"su-carousel-direction\"><span class=\"su-carousel-prev\"><\/span><span class=\"su-carousel-next\"><\/span><\/div><div class=\"su-carousel-pagination\"><\/div><\/div><\/div>\n<p>&nbsp;<\/p>\n","protected":false},"excerpt":{"rendered":"<p>El ministro de la Corte de Apelaciones de San Miguel Roberto Contreras, quien adem\u00e1s es presidente de la Comisi\u00f3n Permanente de Mecanismos Alternativos y Restaurativos de Resoluci\u00f3n de Conflictos y&#8230; <a class=\"continue-reading-link\" href=\"https:\/\/ttd.pjud.cl\/ttd\/?p=1168\">Leer m\u00e1s &#8230;<\/a><\/p>\n","protected":false},"author":2,"featured_media":1172,"comment_status":"open","ping_status":"open","sticky":false,"template":"","format":"standard","meta":{"footnotes":""},"categories":[1],"tags":[],"class_list":["post-1168","post","type-post","status-publish","format-standard","has-post-thumbnail","hentry","category-sin-categoria"],"_links":{"self":[{"href":"https:\/\/ttd.pjud.cl\/ttd\/index.php?rest_route=\/wp\/v2\/posts\/1168"}],"collection":[{"href":"https:\/\/ttd.pjud.cl\/ttd\/index.php?rest_route=\/wp\/v2\/posts"}],"about":[{"href":"https:\/\/ttd.pjud.cl\/ttd\/index.php?rest_route=\/wp\/v2\/types\/post"}],"author":[{"embeddable":true,"href":"https:\/\/ttd.pjud.cl\/ttd\/index.php?rest_route=\/wp\/v2\/users\/2"}],"replies":[{"embeddable":true,"href":"https:\/\/ttd.pjud.cl\/ttd\/index.php?rest_route=%2Fwp%2Fv2%2Fcomments&post=1168"}],"version-history":[{"count":1,"href":"https:\/\/ttd.pjud.cl\/ttd\/index.php?rest_route=\/wp\/v2\/posts\/1168\/revisions"}],"predecessor-version":[{"id":1177,"href":"https:\/\/ttd.pjud.cl\/ttd\/index.php?rest_route=\/wp\/v2\/posts\/1168\/revisions\/1177"}],"wp:featuredmedia":[{"embeddable":true,"href":"https:\/\/ttd.pjud.cl\/ttd\/index.php?rest_route=\/wp\/v2\/media\/1172"}],"wp:attachment":[{"href":"https:\/\/ttd.pjud.cl\/ttd\/index.php?rest_route=%2Fwp%2Fv2%2Fmedia&parent=1168"}],"wp:term":[{"taxonomy":"category","embeddable":true,"href":"https:\/\/ttd.pjud.cl\/ttd\/index.php?rest_route=%2Fwp%2Fv2%2Fcategories&post=1168"},{"taxonomy":"post_tag","embeddable":true,"href":"https:\/\/ttd.pjud.cl\/ttd\/index.php?rest_route=%2Fwp%2Fv2%2Ftags&post=1168"}],"curies":[{"name":"wp","href":"https:\/\/api.w.org\/{rel}","templated":true}]}}