{"id":1763,"date":"2023-11-10T11:04:58","date_gmt":"2023-11-10T11:04:58","guid":{"rendered":"http:\/\/vmttdprod01.cadm.pjud\/ttd\/?p=1763"},"modified":"2023-11-10T11:07:24","modified_gmt":"2023-11-10T11:07:24","slug":"delegacion-del-poder-judicial-de-republica-dominicana-conocio-la-experiencia-del-programa-tribunales-de-tratamiento-de-drogas-ttd-en-chile","status":"publish","type":"post","link":"https:\/\/ttd.pjud.cl\/ttd\/?p=1763","title":{"rendered":"DELEGACI\u00d3N DEL PODER JUDICIAL DE REP\u00daBLICA DOMINICANA CONOCI\u00d3 LA EXPERIENCIA DEL PROGRAMA TRIBUNALES DE TRATAMIENTO DE DROGAS (TTD) EN CHILE"},"content":{"rendered":"<p><img loading=\"lazy\" decoding=\"async\" src=\"https:\/\/ttd.pjud.cl\/ttd\/wp-content\/uploads\/2023\/11\/REP\u00daBLICA-DOMINICANA-1.jpeg\" alt=\"REP\u00daBLICA DOMINICANA 1\" width=\"1600\" height=\"1066\" class=\"aligncenter size-full wp-image-1764\" srcset=\"https:\/\/ttd.pjud.cl\/ttd\/wp-content\/uploads\/2023\/11\/REP\u00daBLICA-DOMINICANA-1.jpeg 1600w, https:\/\/ttd.pjud.cl\/ttd\/wp-content\/uploads\/2023\/11\/REP\u00daBLICA-DOMINICANA-1-300x200.jpeg 300w, https:\/\/ttd.pjud.cl\/ttd\/wp-content\/uploads\/2023\/11\/REP\u00daBLICA-DOMINICANA-1-768x512.jpeg 768w, https:\/\/ttd.pjud.cl\/ttd\/wp-content\/uploads\/2023\/11\/REP\u00daBLICA-DOMINICANA-1-1024x682.jpeg 1024w, https:\/\/ttd.pjud.cl\/ttd\/wp-content\/uploads\/2023\/11\/REP\u00daBLICA-DOMINICANA-1-150x100.jpeg 150w, https:\/\/ttd.pjud.cl\/ttd\/wp-content\/uploads\/2023\/11\/REP\u00daBLICA-DOMINICANA-1-1210x806.jpeg 1210w\" sizes=\"(max-width: 1600px) 100vw, 1600px\" \/><\/p>\n<p>09-11-2023<br \/>\nUna delegaci\u00f3n del Poder Judicial  de Rep\u00fablica Dominicana conoci\u00f3 la experiencia del Programa Tribunales de Tratamiento de Drogas (TTD) en Chile, instancia en la que presenciaron audiencias de seguimiento en el Centro de Justicia de Santiago y se interiorizaron del trabajo conjunto entre las instituciones que trabajan coordinadamente en el proceso de rehabilitaci\u00f3n de sus usuarios.<\/p>\n<p>En el 9\u00b0 Juzgado de Garant\u00eda de Santiago, la magistrada Claudia Burgos Sanhueza recibi\u00f3 a la delegaci\u00f3n, integrada por los magistrados  de la Suprema Corte de Justicia de  Rep\u00fablica Dominicana Samuel Arias Arzeno,  y Frank Soto, junto a jueces y profesionales de la administraci\u00f3n judicial de dicho pa\u00eds.<\/p>\n<p>\u201cEllos quisieron conocer el modelo de Tribunales de Tratamiento de drogas y c\u00f3mo se aplica en Chile y pudieron ver en esa jornada la pre audiencia, que se trata de un espacio previo a la audiencia donde trabajan coordinadamente los fiscales, jueces y defensores p\u00fablicos, adem\u00e1s de la dupla psicosocial que est\u00e1 compuesta por un psic\u00f3logo y una asistente social. Luego de la pre audiencia, los visitantes pudieron observar c\u00f3mo se realiza y se ejecuta la audiencia propiamente tal, que son las audiencias de seguimiento\u201d, explic\u00f3 Georgette Urra Garc\u00eda, jefa de la Unidad de Seguimiento del  Programa de Tribunales de Tratamiento de Drogas y\/o Alcohol, dependiente de la Direcci\u00f3n de Desarrollo Institucional del Poder Judicial.<\/p>\n<p>Por su parte el magistrado de la Suprema Corte de Justicia de Rep\u00fablica Dominicana, Samuel Arias Arzeno, coment\u00f3 que \u201cestamos tratando de intercambiar b\u00e1sicamente experiencias en los aspectos de administraci\u00f3n de justicia que ustedes llevan a cabo aqu\u00ed y tratar de rescatar que experiencias pudieran ser replicadas. L\u00f3gicamente, no todo lo que vemos aqu\u00ed ser\u00e1 aplicado al modelo dominicano, pero por lo menos podemos tener buenas ideas de buenas pr\u00e1cticas que a la larga ustedes han dado resultado y tratar en la medida de que lo permita nuestro sistema, replicarlo all\u00e1\u201d.<\/p>\n<p>En relaci\u00f3n al programa TTD, el magistrado detall\u00f3 que fue \u201cuna experiencia que nunca hab\u00eda visto anteriormente, donde se trabaja para mejorar la condici\u00f3n de las personas que est\u00e1n en pleno tratamiento y de verdad estoy altamente impresionado. Me ha gustado bastante c\u00f3mo se desarrolla la audiencia, c\u00f3mo se trabaja en un equipo multidisciplinario, por el bien de todas personas que lo est\u00e1n necesitando y que a la larga aportan buenos ciudadanos, lo trae de vuelta a lo que es el camino correcto\u201d.<\/p>\n<p>Finalmente, el ministro de la Corte de Apelaciones de San Miguel y coordinador nacional del Programa TTD, Roberto Contreras Olivares, valor\u00f3 la actividad ya que \u201ces importante la perspectiva de qu\u00e9 manera otros pa\u00edses como Rep\u00fablica Dominicana pueden tomar ciertos lineamientos, cierta experiencia que hemos tenido en Chile con los tribunales de tratamiento de drogas y aplicarlo en su pa\u00eds. Por eso que era de tanta relevancia la venida esta delegaci\u00f3n a esta actividad que se desarroll\u00f3 en el 9\u00ba Juzgado de Garant\u00eda, donde adem\u00e1s hay que recalcar que se entrevistaron a cerca de 30 personas que est\u00e1n en condiciones de ingresar al programa de Tribunales de Tratamiento de Drogas, por lo tanto fue una gran actividad con mucha convocatoria, de difusi\u00f3n, no s\u00f3lo a nivel nacional, sino que tambi\u00e9n con la posibilidad de poder internalizar los conceptos del programa y la aplicaci\u00f3n en otros pa\u00edses como Rep\u00fablica Dominicana\u201d, concluy\u00f3.<\/p>\n<p><img loading=\"lazy\" decoding=\"async\" src=\"https:\/\/ttd.pjud.cl\/ttd\/wp-content\/uploads\/2023\/11\/REP\u00daBLICA-DOMINICANA-2.jpeg\" alt=\"REP\u00daBLICA DOMINICANA 2\" width=\"1536\" height=\"1023\" class=\"aligncenter size-full wp-image-1765\" srcset=\"https:\/\/ttd.pjud.cl\/ttd\/wp-content\/uploads\/2023\/11\/REP\u00daBLICA-DOMINICANA-2.jpeg 1536w, https:\/\/ttd.pjud.cl\/ttd\/wp-content\/uploads\/2023\/11\/REP\u00daBLICA-DOMINICANA-2-300x200.jpeg 300w, https:\/\/ttd.pjud.cl\/ttd\/wp-content\/uploads\/2023\/11\/REP\u00daBLICA-DOMINICANA-2-768x512.jpeg 768w, https:\/\/ttd.pjud.cl\/ttd\/wp-content\/uploads\/2023\/11\/REP\u00daBLICA-DOMINICANA-2-1024x682.jpeg 1024w, https:\/\/ttd.pjud.cl\/ttd\/wp-content\/uploads\/2023\/11\/REP\u00daBLICA-DOMINICANA-2-150x100.jpeg 150w, https:\/\/ttd.pjud.cl\/ttd\/wp-content\/uploads\/2023\/11\/REP\u00daBLICA-DOMINICANA-2-1210x806.jpeg 1210w\" sizes=\"(max-width: 1536px) 100vw, 1536px\" \/><\/p>\n<p><img loading=\"lazy\" decoding=\"async\" src=\"https:\/\/ttd.pjud.cl\/ttd\/wp-content\/uploads\/2023\/11\/REP\u00daBLICA-DOMINICANA-3.jpeg\" alt=\"REP\u00daBLICA DOMINICANA 3\" width=\"1536\" height=\"1023\" class=\"aligncenter size-full wp-image-1766\" srcset=\"https:\/\/ttd.pjud.cl\/ttd\/wp-content\/uploads\/2023\/11\/REP\u00daBLICA-DOMINICANA-3.jpeg 1536w, https:\/\/ttd.pjud.cl\/ttd\/wp-content\/uploads\/2023\/11\/REP\u00daBLICA-DOMINICANA-3-300x200.jpeg 300w, https:\/\/ttd.pjud.cl\/ttd\/wp-content\/uploads\/2023\/11\/REP\u00daBLICA-DOMINICANA-3-768x512.jpeg 768w, https:\/\/ttd.pjud.cl\/ttd\/wp-content\/uploads\/2023\/11\/REP\u00daBLICA-DOMINICANA-3-1024x682.jpeg 1024w, https:\/\/ttd.pjud.cl\/ttd\/wp-content\/uploads\/2023\/11\/REP\u00daBLICA-DOMINICANA-3-150x100.jpeg 150w, https:\/\/ttd.pjud.cl\/ttd\/wp-content\/uploads\/2023\/11\/REP\u00daBLICA-DOMINICANA-3-1210x806.jpeg 1210w\" sizes=\"(max-width: 1536px) 100vw, 1536px\" \/><\/p>\n<p><a href=\"https:\/\/www.youtube.com\/watch?v=uiz4UHfE9PE\">Ver nota en Youtube aqui<\/a><\/p>\n","protected":false},"excerpt":{"rendered":"<p>09-11-2023 Una delegaci\u00f3n del Poder Judicial de Rep\u00fablica Dominicana conoci\u00f3 la experiencia del Programa Tribunales de Tratamiento de Drogas (TTD) en Chile, instancia en la que presenciaron audiencias de seguimiento&#8230; <a class=\"continue-reading-link\" href=\"https:\/\/ttd.pjud.cl\/ttd\/?p=1763\">Leer m\u00e1s &#8230;<\/a><\/p>\n","protected":false},"author":2,"featured_media":1767,"comment_status":"open","ping_status":"open","sticky":false,"template":"","format":"standard","meta":{"footnotes":""},"categories":[1],"tags":[],"class_list":["post-1763","post","type-post","status-publish","format-standard","has-post-thumbnail","hentry","category-sin-categoria"],"_links":{"self":[{"href":"https:\/\/ttd.pjud.cl\/ttd\/index.php?rest_route=\/wp\/v2\/posts\/1763"}],"collection":[{"href":"https:\/\/ttd.pjud.cl\/ttd\/index.php?rest_route=\/wp\/v2\/posts"}],"about":[{"href":"https:\/\/ttd.pjud.cl\/ttd\/index.php?rest_route=\/wp\/v2\/types\/post"}],"author":[{"embeddable":true,"href":"https:\/\/ttd.pjud.cl\/ttd\/index.php?rest_route=\/wp\/v2\/users\/2"}],"replies":[{"embeddable":true,"href":"https:\/\/ttd.pjud.cl\/ttd\/index.php?rest_route=%2Fwp%2Fv2%2Fcomments&post=1763"}],"version-history":[{"count":3,"href":"https:\/\/ttd.pjud.cl\/ttd\/index.php?rest_route=\/wp\/v2\/posts\/1763\/revisions"}],"predecessor-version":[{"id":1771,"href":"https:\/\/ttd.pjud.cl\/ttd\/index.php?rest_route=\/wp\/v2\/posts\/1763\/revisions\/1771"}],"wp:featuredmedia":[{"embeddable":true,"href":"https:\/\/ttd.pjud.cl\/ttd\/index.php?rest_route=\/wp\/v2\/media\/1767"}],"wp:attachment":[{"href":"https:\/\/ttd.pjud.cl\/ttd\/index.php?rest_route=%2Fwp%2Fv2%2Fmedia&parent=1763"}],"wp:term":[{"taxonomy":"category","embeddable":true,"href":"https:\/\/ttd.pjud.cl\/ttd\/index.php?rest_route=%2Fwp%2Fv2%2Fcategories&post=1763"},{"taxonomy":"post_tag","embeddable":true,"href":"https:\/\/ttd.pjud.cl\/ttd\/index.php?rest_route=%2Fwp%2Fv2%2Ftags&post=1763"}],"curies":[{"name":"wp","href":"https:\/\/api.w.org\/{rel}","templated":true}]}}