{"id":1906,"date":"2025-11-21T15:29:19","date_gmt":"2025-11-21T15:29:19","guid":{"rendered":"https:\/\/ttd.pjud.cl\/ttd\/?p=1906"},"modified":"2025-11-21T15:49:53","modified_gmt":"2025-11-21T15:49:53","slug":"3-juzgado-de-garantia-de-santiago-realiza-ceremonia-de-egreso-de-usuaria-del-programa-tribunales-de-tratamiento-de-drogas-y-alcohol","status":"publish","type":"post","link":"https:\/\/ttd.pjud.cl\/ttd\/?p=1906","title":{"rendered":"3\u00b0 Juzgado de Garant\u00eda de Santiago realiza ceremonia de egreso de usuaria del programa Tribunales de Tratamiento de Drogas y Alcohol"},"content":{"rendered":"\n<figure class=\"wp-block-image size-full\"><img loading=\"lazy\" decoding=\"async\" width=\"1600\" height=\"1200\" src=\"https:\/\/ttd.pjud.cl\/ttd\/wp-content\/uploads\/2025\/11\/WhatsApp-Image-2025-11-20-at-12.13.35-PM-1.jpeg\" alt=\"\" class=\"wp-image-1907\"\/><\/figure>\n\n\n\n<p><\/p>\n\n\n\n<p><strong>El 3\u00b0 Juzgado de Garant\u00eda de Santiago, liderado por la Magistrada Pamela Mu\u00f1oz Canales, realiz\u00f3 la ceremonia de egreso de una usuaria del Programa Tribunales de Tratamiento de Drogas y Alcohol (TTD) de adultos, quien complet\u00f3 en forma exitosa una terapia que se extendi\u00f3 por un a\u00f1o.<\/strong><\/p>\n\n\n\n<p>Su ingreso al sistema de justicia penal responde a conductas delictivas vinculadas a un patr\u00f3n de consumo problem\u00e1tico, cuya intensidad se agudiz\u00f3 significativamente durante el a\u00f1o 2024.<\/p>\n\n\n\n<p><strong>CONTEXTO DE VULNERABILIDAD SOCIAL<\/strong><br>La imputada enfrenta una compleja realidad de vulnerabilidad multidimensional. Es madre de tres (3) hijos \u2014dos adolescentes y un menor en edad preescolar\u2014, responsabilidad que ha asumido de forma pr\u00e1cticamente aut\u00f3noma, contando con una red de apoyo familiar limitada.<\/p>\n\n\n\n<p>A pesar de estas adversidades, ha logrado mantenerse de pie y proveer sustento a su n\u00facleo familiar, demostrando un notable esfuerzo personal en medio de condiciones de extrema dificultad econ\u00f3mica y social.<\/p>\n\n\n\n<p><strong>PROGRESO EN RECUPERACI\u00d3N<\/strong><br><strong>Abstinencia Sostenida:<\/strong><br>Katherine Somodevilla ha logrado mantenerse en estado de abstinencia desde diciembre de 2024, evidenciando un compromiso genuino con su proceso de rehabilitaci\u00f3n.<\/p>\n\n\n\n<p><strong>Conciencia del Problema:<\/strong><br>En el curso de su intervenci\u00f3n, la usuaria ha adquirido conciencia profunda respecto de que su consumo de sustancias constitu\u00eda una v\u00eda de escape frente a problemas de naturaleza familiar y econ\u00f3mica, identificando as\u00ed las ra\u00edces emocionales y contextuales de su conducta.<\/p>\n\n\n\n<p><strong>Mejora de V\u00ednculos Familiares:<\/strong><br>Ha logrado mejorar significativamente las relaciones con su grupo familiar, lo que constituye un factor protector esencial en su trayectoria de recuperaci\u00f3n.<\/p>\n\n\n\n<p><strong>EVALUACI\u00d3N PROFESIONAL<\/strong><br>El equipo interdisciplinario del programa identifica en Katherine Somodevilla avances sustanciales en sus dimensiones personal, familiar y social. Su trayectoria de cambio demuestra que, con acceso a programas integrales de justicia terap\u00e9utica, es posible transformar historias de vulnerabilidad en narrativas de recuperaci\u00f3n y empoderamiento.<\/p>\n\n\n\n<p><br><strong>El caso de Katherine Somodevilla ilustra la importancia cr\u00edtica de los modelos de justicia orientados a la rehabilitaci\u00f3n que reconocen las ra\u00edces estructurales de la conducta delictiva y que brindan oportunidades reales de transformaci\u00f3n a personas en situaci\u00f3n de vulnerabilidad extrema.<\/strong><\/p>\n\n\n\n<p><strong>Su recuperaci\u00f3n representa no solo un \u00e9xito individual, sino un beneficio colectivo que impacta positivamente en la estabilidad emocional y bienestar de su grupo familiar, contribuyendo as\u00ed a la reducci\u00f3n de factores de riesgo intergeneracionales.<\/strong><\/p>\n\n\n\n<p><\/p>\n","protected":false},"excerpt":{"rendered":"<p>El 3\u00b0 Juzgado de Garant\u00eda de Santiago, liderado por la Magistrada Pamela Mu\u00f1oz Canales, realiz\u00f3 la ceremonia de egreso de una usuaria del Programa Tribunales de Tratamiento de Drogas y&#8230; <a class=\"continue-reading-link\" href=\"https:\/\/ttd.pjud.cl\/ttd\/?p=1906\">Leer m\u00e1s &#8230;<\/a><\/p>\n","protected":false},"author":2,"featured_media":1907,"comment_status":"closed","ping_status":"","sticky":false,"template":"","format":"standard","meta":{"footnotes":""},"categories":[1],"tags":[],"class_list":["post-1906","post","type-post","status-publish","format-standard","has-post-thumbnail","hentry","category-sin-categoria"],"_links":{"self":[{"href":"https:\/\/ttd.pjud.cl\/ttd\/index.php?rest_route=\/wp\/v2\/posts\/1906"}],"collection":[{"href":"https:\/\/ttd.pjud.cl\/ttd\/index.php?rest_route=\/wp\/v2\/posts"}],"about":[{"href":"https:\/\/ttd.pjud.cl\/ttd\/index.php?rest_route=\/wp\/v2\/types\/post"}],"author":[{"embeddable":true,"href":"https:\/\/ttd.pjud.cl\/ttd\/index.php?rest_route=\/wp\/v2\/users\/2"}],"replies":[{"embeddable":true,"href":"https:\/\/ttd.pjud.cl\/ttd\/index.php?rest_route=%2Fwp%2Fv2%2Fcomments&post=1906"}],"version-history":[{"count":7,"href":"https:\/\/ttd.pjud.cl\/ttd\/index.php?rest_route=\/wp\/v2\/posts\/1906\/revisions"}],"predecessor-version":[{"id":1914,"href":"https:\/\/ttd.pjud.cl\/ttd\/index.php?rest_route=\/wp\/v2\/posts\/1906\/revisions\/1914"}],"wp:featuredmedia":[{"embeddable":true,"href":"https:\/\/ttd.pjud.cl\/ttd\/index.php?rest_route=\/wp\/v2\/media\/1907"}],"wp:attachment":[{"href":"https:\/\/ttd.pjud.cl\/ttd\/index.php?rest_route=%2Fwp%2Fv2%2Fmedia&parent=1906"}],"wp:term":[{"taxonomy":"category","embeddable":true,"href":"https:\/\/ttd.pjud.cl\/ttd\/index.php?rest_route=%2Fwp%2Fv2%2Fcategories&post=1906"},{"taxonomy":"post_tag","embeddable":true,"href":"https:\/\/ttd.pjud.cl\/ttd\/index.php?rest_route=%2Fwp%2Fv2%2Ftags&post=1906"}],"curies":[{"name":"wp","href":"https:\/\/api.w.org\/{rel}","templated":true}]}}