{"id":1917,"date":"2026-03-06T18:52:27","date_gmt":"2026-03-06T18:52:27","guid":{"rendered":"https:\/\/ttd.pjud.cl\/ttd\/?p=1917"},"modified":"2026-03-06T18:53:40","modified_gmt":"2026-03-06T18:53:40","slug":"joven-culmina-con-exito-programa-del-tribunal-de-tratamiento-de-drogas-y-alcohol","status":"publish","type":"post","link":"https:\/\/ttd.pjud.cl\/ttd\/?p=1917","title":{"rendered":"Joven culmina con \u00e9xito programa del Tribunal de Tratamiento de Drogas y Alcohol"},"content":{"rendered":"\n<figure class=\"wp-block-image size-full\"><img loading=\"lazy\" decoding=\"async\" width=\"4000\" height=\"2877\" src=\"https:\/\/ttd.pjud.cl\/ttd\/wp-content\/uploads\/2026\/03\/Picsart_26-03-06_08-54-31-5491.jpg\" alt=\"\" class=\"wp-image-1918\"\/><\/figure>\n\n\n\n<p><\/p>\n\n\n\n<p><\/p>\n\n\n\n<p><\/p>\n\n\n\n<p>En una emotiva ceremonia realizada ayer en el Tribunal de la Unidad Especializada de Responsabilidad Penal Adolescente,&nbsp;<strong>Javier Eduardo Rojas Gaete<\/strong>&nbsp;recibi\u00f3 un reconocimiento por su&nbsp;<strong>egreso exitoso del Programa de Tribunales de Tratamiento de Drogas y Alcohol (TTD)<\/strong>. El acto marc\u00f3 el cierre de un proceso que representa mucho m\u00e1s que el t\u00e9rmino de un tratamiento: simboliza un paso decisivo en la reconstrucci\u00f3n de su proyecto de vida.<\/p>\n\n\n\n<p>Javier ingres\u00f3 al programa en&nbsp;<strong>diciembre de 2024<\/strong>, dando inicio a un proceso terap\u00e9utico en el&nbsp;<strong>dispositivo PAI Medio Libre \u00c1gora Quilicura<\/strong>, donde trabaj\u00f3 activamente en su desarrollo personal y en la adquisici\u00f3n de nuevas herramientas para enfrentar las dificultades vinculadas a su historia de consumo. Durante su participaci\u00f3n, logr\u00f3 avances significativos en distintos \u00e1mbitos, especialmente en el fortalecimiento de sus habilidades emocionales y en la capacidad de anticipar situaciones complejas.<\/p>\n\n\n\n<p>Uno de los progresos m\u00e1s valiosos se observ\u00f3 en el \u00e1mbito familiar, evidenci\u00e1ndose una&nbsp;<strong>mejor\u00eda sustancial en la relaci\u00f3n con su madre<\/strong>, caracterizada por una comunicaci\u00f3n m\u00e1s abierta y un di\u00e1logo constante. Paralelamente, Javier complet\u00f3 su&nbsp;<strong>ense\u00f1anza media<\/strong>&nbsp;y comenz\u00f3 a proyectar nuevos desaf\u00edos personales orientados a su desarrollo y reinserci\u00f3n social.<\/p>\n\n\n\n<p>En relaci\u00f3n con el consumo de sustancias, el joven&nbsp;<strong>logr\u00f3 erradicar su uso y consolidar una conciencia cr\u00edtica sobre sus efectos<\/strong>, reforzando estrategias que le permiten prevenir reca\u00eddas. Estos avances llevaron al equipo tratante a&nbsp;<strong>evaluar como cumplidos los objetivos terap\u00e9uticos<\/strong>, lo que permiti\u00f3 su egreso exitoso a comienzos de 2026.<\/p>\n\n\n\n<p>Durante la ceremonia, participaron la&nbsp;<strong>magistrada Claudia Pizarro<\/strong>, la&nbsp;<strong>defensora Carla Saavedra<\/strong>, la&nbsp;<strong>fiscal Susana Unanue<\/strong>&nbsp;y el&nbsp;<strong>profesional del TTD Roberto Conejeros<\/strong>, quienes destacaron el esfuerzo y compromiso del joven. El reconocimiento, m\u00e1s all\u00e1 de celebrar un logro individual,&nbsp;<strong>pone en valor la efectividad de los programas de acompa\u00f1amiento<\/strong>&nbsp;que buscan abrir caminos de oportunidad para que adolescentes y j\u00f3venes en conflicto con la ley puedan construir un futuro diferente.<\/p>\n","protected":false},"excerpt":{"rendered":"<p>En una emotiva ceremonia realizada ayer en el Tribunal de la Unidad Especializada de Responsabilidad Penal Adolescente,&nbsp;Javier Eduardo Rojas Gaete&nbsp;recibi\u00f3 un reconocimiento por su&nbsp;egreso exitoso del Programa de Tribunales de&#8230; <a class=\"continue-reading-link\" href=\"https:\/\/ttd.pjud.cl\/ttd\/?p=1917\">Leer m\u00e1s &#8230;<\/a><\/p>\n","protected":false},"author":2,"featured_media":1918,"comment_status":"closed","ping_status":"","sticky":false,"template":"","format":"standard","meta":{"footnotes":""},"categories":[1],"tags":[],"class_list":["post-1917","post","type-post","status-publish","format-standard","has-post-thumbnail","hentry","category-sin-categoria"],"_links":{"self":[{"href":"https:\/\/ttd.pjud.cl\/ttd\/index.php?rest_route=\/wp\/v2\/posts\/1917"}],"collection":[{"href":"https:\/\/ttd.pjud.cl\/ttd\/index.php?rest_route=\/wp\/v2\/posts"}],"about":[{"href":"https:\/\/ttd.pjud.cl\/ttd\/index.php?rest_route=\/wp\/v2\/types\/post"}],"author":[{"embeddable":true,"href":"https:\/\/ttd.pjud.cl\/ttd\/index.php?rest_route=\/wp\/v2\/users\/2"}],"replies":[{"embeddable":true,"href":"https:\/\/ttd.pjud.cl\/ttd\/index.php?rest_route=%2Fwp%2Fv2%2Fcomments&post=1917"}],"version-history":[{"count":3,"href":"https:\/\/ttd.pjud.cl\/ttd\/index.php?rest_route=\/wp\/v2\/posts\/1917\/revisions"}],"predecessor-version":[{"id":1921,"href":"https:\/\/ttd.pjud.cl\/ttd\/index.php?rest_route=\/wp\/v2\/posts\/1917\/revisions\/1921"}],"wp:featuredmedia":[{"embeddable":true,"href":"https:\/\/ttd.pjud.cl\/ttd\/index.php?rest_route=\/wp\/v2\/media\/1918"}],"wp:attachment":[{"href":"https:\/\/ttd.pjud.cl\/ttd\/index.php?rest_route=%2Fwp%2Fv2%2Fmedia&parent=1917"}],"wp:term":[{"taxonomy":"category","embeddable":true,"href":"https:\/\/ttd.pjud.cl\/ttd\/index.php?rest_route=%2Fwp%2Fv2%2Fcategories&post=1917"},{"taxonomy":"post_tag","embeddable":true,"href":"https:\/\/ttd.pjud.cl\/ttd\/index.php?rest_route=%2Fwp%2Fv2%2Ftags&post=1917"}],"curies":[{"name":"wp","href":"https:\/\/api.w.org\/{rel}","templated":true}]}}