{"id":1926,"date":"2026-03-09T12:48:09","date_gmt":"2026-03-09T12:48:09","guid":{"rendered":"https:\/\/ttd.pjud.cl\/ttd\/?p=1926"},"modified":"2026-03-09T12:48:09","modified_gmt":"2026-03-09T12:48:09","slug":"coquimbo-inaugura-primer-ttd-juvenil-en-ovalle","status":"publish","type":"post","link":"https:\/\/ttd.pjud.cl\/ttd\/?p=1926","title":{"rendered":"Coquimbo inaugura primer TTD juvenil en Ovalle"},"content":{"rendered":"\n<figure class=\"wp-block-image size-full\"><img loading=\"lazy\" decoding=\"async\" width=\"1080\" height=\"720\" src=\"https:\/\/ttd.pjud.cl\/ttd\/wp-content\/uploads\/2026\/03\/Coquimbo-250725e.jpg\" alt=\"\" class=\"wp-image-1927\"\/><\/figure>\n\n\n\n<p>En un importante avance hacia una justicia con enfoque terap\u00e9utico, la comuna de Ovalle se incorpora al Programa Tribunal de Tratamiento de Drogas y\/o Alcohol (TTD), una herramienta judicial destinada a personas con consumo problem\u00e1tico de sustancias que enfrentan procesos penales. En este caso, se trata de un programa TTD enfocado en adolescentes y j\u00f3venes, el primero de su tipo en la regi\u00f3n.<\/p>\n\n\n\n<p>El TTD es un procedimiento penal alternativo que permite a personas imputadas por delitos y con consumo problem\u00e1tico, acceder a un tratamiento integral de rehabilitaci\u00f3n y participar en audiencias peri\u00f3dicas de seguimiento para evaluar su evoluci\u00f3n.<\/p>\n\n\n\n<p>El protocolo, impulsado por la Mesa T\u00e9cnica TTD, es liderado por la Secretar\u00eda Regional Ministerial de Justicia y Derechos Humanos e integrada por el Poder Judicial, Ministerio P\u00fablico, Defensor\u00eda Penal P\u00fablica, Senda, Servicio de Reinserci\u00f3n Social Juvenil y Servicio de Salud. Su implementaci\u00f3n refuerza un modelo de justicia centrado en la rehabilitaci\u00f3n, el acompa\u00f1amiento y la reinserci\u00f3n social.<\/p>\n\n\n\n<p>Mar\u00eda Jos\u00e9 Rojas, seremi de Justicia y Derechos Humanos, destac\u00f3 el inicio del programa se\u00f1alando que \u201ceste tribunal les da la oportunidad de que la sanci\u00f3n se establezca como un apoyo y un seguimiento para poder rehabilitarse en estas conductas\u201d.<\/p>\n\n\n\n<p>Para la presidenta de la Corte de Apelaciones de La Serena, ministra Marcela Sandoval, el enfoque terap\u00e9utico representa un giro necesario: \u201cLa reinserci\u00f3n de un adolescente es fundamental para nuestra sociedad y aplicar la justicia terap\u00e9utica en el sistema de justicia penal para quienes reci\u00e9n tienen un acercamiento primario frente a este, resulta una salida, una oportunidad para reinsertarse y reeducarse\u201d.<\/p>\n\n\n\n<p>Para el director regional de Senda, Rodrigo Maturana, la implementaci\u00f3n del TTD en Ovalle refleja el compromiso institucional con una justicia restaurativa: \u201cSe va a instalar a trav\u00e9s de un equipo de tratamiento de Senda, que har\u00e1 la confirmaci\u00f3n diagn\u00f3stica para determinar el grado de compromiso psicosocial y el consumo de los j\u00f3venes. Todos los actores hemos estado muy comprometidos y hoy d\u00eda esto es un fruto colectivo que finalmente da provecho\u201d.<\/p>\n\n\n\n<p>En esa l\u00ednea, Loreto Rebolledo, directora regional del Servicio de Reinserci\u00f3n Social Juvenil, agreg\u00f3 que \u201cOvalle es la tercera comuna de la regi\u00f3n donde hay mayor presencia de j\u00f3venes que han infringido la ley. Por lo tanto, estar m\u00e1s cerca de ellos a trav\u00e9s de un proceso de acompa\u00f1amiento especializado, es de toda justicia. El servicio va a poder ir articulando con las y los expertos un sistema de reinserci\u00f3n que, sin duda, va a contribuir a la seguridad p\u00fablica\u201d.<\/p>\n\n\n\n<p>Este programa comenz\u00f3 en el Juzgado de Garant\u00eda de Coquimbo en 2013, con poblaci\u00f3n adulta, y ha mostrado resultados positivos: m\u00e1s de 300 personas han pasado por el TTD Coquimbo y cuenta con 75 altas terap\u00e9uticas, contribuyendo significativamente a reducir la reincidencia delictiva.<\/p>\n","protected":false},"excerpt":{"rendered":"<p>En un importante avance hacia una justicia con enfoque terap\u00e9utico, la comuna de Ovalle se incorpora al Programa Tribunal de Tratamiento de Drogas y\/o Alcohol (TTD), una herramienta judicial destinada&#8230; <a class=\"continue-reading-link\" href=\"https:\/\/ttd.pjud.cl\/ttd\/?p=1926\">Leer m\u00e1s &#8230;<\/a><\/p>\n","protected":false},"author":2,"featured_media":1927,"comment_status":"closed","ping_status":"","sticky":false,"template":"","format":"standard","meta":{"footnotes":""},"categories":[1],"tags":[],"class_list":["post-1926","post","type-post","status-publish","format-standard","has-post-thumbnail","hentry","category-sin-categoria"],"_links":{"self":[{"href":"https:\/\/ttd.pjud.cl\/ttd\/index.php?rest_route=\/wp\/v2\/posts\/1926"}],"collection":[{"href":"https:\/\/ttd.pjud.cl\/ttd\/index.php?rest_route=\/wp\/v2\/posts"}],"about":[{"href":"https:\/\/ttd.pjud.cl\/ttd\/index.php?rest_route=\/wp\/v2\/types\/post"}],"author":[{"embeddable":true,"href":"https:\/\/ttd.pjud.cl\/ttd\/index.php?rest_route=\/wp\/v2\/users\/2"}],"replies":[{"embeddable":true,"href":"https:\/\/ttd.pjud.cl\/ttd\/index.php?rest_route=%2Fwp%2Fv2%2Fcomments&post=1926"}],"version-history":[{"count":1,"href":"https:\/\/ttd.pjud.cl\/ttd\/index.php?rest_route=\/wp\/v2\/posts\/1926\/revisions"}],"predecessor-version":[{"id":1928,"href":"https:\/\/ttd.pjud.cl\/ttd\/index.php?rest_route=\/wp\/v2\/posts\/1926\/revisions\/1928"}],"wp:featuredmedia":[{"embeddable":true,"href":"https:\/\/ttd.pjud.cl\/ttd\/index.php?rest_route=\/wp\/v2\/media\/1927"}],"wp:attachment":[{"href":"https:\/\/ttd.pjud.cl\/ttd\/index.php?rest_route=%2Fwp%2Fv2%2Fmedia&parent=1926"}],"wp:term":[{"taxonomy":"category","embeddable":true,"href":"https:\/\/ttd.pjud.cl\/ttd\/index.php?rest_route=%2Fwp%2Fv2%2Fcategories&post=1926"},{"taxonomy":"post_tag","embeddable":true,"href":"https:\/\/ttd.pjud.cl\/ttd\/index.php?rest_route=%2Fwp%2Fv2%2Ftags&post=1926"}],"curies":[{"name":"wp","href":"https:\/\/api.w.org\/{rel}","templated":true}]}}