{"id":1929,"date":"2026-03-09T12:51:06","date_gmt":"2026-03-09T12:51:06","guid":{"rendered":"https:\/\/ttd.pjud.cl\/ttd\/?p=1929"},"modified":"2026-03-09T12:51:40","modified_gmt":"2026-03-09T12:51:40","slug":"tribunal-de-tratamiento-de-drogas-extiende-jurisdiccion-en-el-maule","status":"publish","type":"post","link":"https:\/\/ttd.pjud.cl\/ttd\/?p=1929","title":{"rendered":"Tribunal de Tratamiento de Drogas extiende jurisdicci\u00f3n en el Maule"},"content":{"rendered":"\n<p><em>Programa TTD, actualmente con asiento solo en Curic\u00f3, atender\u00e1 tambi\u00e9n en comunas de Talca y Molina<\/em>.<\/p>\n\n\n\n<figure class=\"wp-block-image size-full\"><img loading=\"lazy\" decoding=\"async\" width=\"640\" height=\"427\" src=\"https:\/\/ttd.pjud.cl\/ttd\/wp-content\/uploads\/2026\/03\/MAULE.jpg\" alt=\"\" class=\"wp-image-1930\"\/><\/figure>\n\n\n\n<p><\/p>\n\n\n\n<p><\/p>\n\n\n\n<p>A las comunas de Talca y Molina se extender\u00e1 la jurisdicci\u00f3n del Tribunal de Tratamientos de Drogas (TTD),tras un acuerdo entre SENDA Maule, la Corte de Apelaciones, la Fiscal\u00eda y la Defensor\u00eda Penal P\u00fablica.<\/p>\n\n\n\n<p>La puesta en marcha de esta iniciativa se desarroll\u00f3 con un encuentro entre autoridades de las instituciones participantes, encabezado por la presidenta del tribunal de alzada talquino, ministra Marisol Ponce. En representaci\u00f3n de SENDA asisti\u00f3 el director regional (s), Jorge Paredes.<\/p>\n\n\n\n<p>La actividad permiti\u00f3 escuchar la exposici\u00f3n de los profesionales de todos los servicios que se involucran en el TTD, entre ellos el magistrado Mauricio Aravena.<\/p>\n\n\n\n<p>Para la ministra Ponce se trat\u00f3 de un hito sumamente significativo, logrando ampliar la implementaci\u00f3n del TTD a los tribunales de Molina y Talca, \u201cesto permitir\u00e1 extender la posibilidad de sometimiento a un tratamiento para superar consumo de sustancias de parte de imputados que re\u00fanen caracter\u00edsticas favorables para ello\u201d.<\/p>\n\n\n\n<p>\u201cParticularmente me reconforta haber consensuado este inter\u00e9s con representantes del Ministerio P\u00fablico, de la Defensor\u00eda Penal P\u00fablica y contar particularmente con el gran inter\u00e9s de la directora regional de Senda, Ana Mar\u00eda Rodr\u00edguez, que tambi\u00e9n propici\u00f3 la ejecuci\u00f3n de esta ampliaci\u00f3n en la implementaci\u00f3n del TTD\u201d, agreg\u00f3 la presidenta.<\/p>\n\n\n\n<p>Finalmente, asegur\u00f3 que est\u00e1 ampliaci\u00f3n ser\u00e1 muy beneficiosa, \u201csin duda que esto ser\u00e1 muy positivo para los usuarios y en definitiva conducir\u00e1 a una mitigaci\u00f3n en la criminalizaci\u00f3n, particularmente en aquellos que tienen posibilidad de reinsertarse socialmente y conducir su vida a una rehabilitaci\u00f3n\u201d, concluy\u00f3 la ministra Marisol Ponce Toloza.<\/p>\n\n\n\n<p>Actualmente, el TTD solo funciona en el Tribunal de Garant\u00eda de Curic\u00f3 y est\u00e1 enfocado en personas que han sido imputadas por la comisi\u00f3n de un delito menor, que cumplen con los requisitos jur\u00eddicos para acceder a la salida alternativa de Suspensi\u00f3n Condicional del Procedimiento, con la condici\u00f3n de someterse a tratamiento por consumo problem\u00e1tico de alcohol y otras drogas, y de asistir mensualmente a audiencias de seguimiento.<\/p>\n\n\n\n<p>El proceso es supervisado judicialmente mediante la intervenci\u00f3n del juez a cargo de la causa, como tambi\u00e9n del fiscal, defensor y los organismos y profesionales a cargo de la rehabilitaci\u00f3n.<\/p>\n\n\n\n<p>Este modelo prioriza la rehabilitaci\u00f3n del consumo de drogas en la persona que cometi\u00f3 la infracci\u00f3n. El programa se orienta en recuperar el bienestar, la salud y la calidad de vida de la personas, facilitando el acceso oportuno a un programa espec\u00edfico y dise\u00f1ado para superar el consumo problem\u00e1tico.<\/p>\n\n\n\n<p>El programa permite desarrollar una justicia reparativa, ya que cuando la persona adulta o adolescente cometa un delito de menor connotaci\u00f3n y presente un consumo problem\u00e1tico de drogas, se le ofrecer\u00e1 de manera voluntaria acogerse al Tribunal de Tratamiento en Drogas para iniciar un proceso terap\u00e9utico que le permita resolver su problem\u00e1tica de fondo, con la finalidad de superarla y disminuir las conductas delictuales asociadas al consumo.<\/p>\n\n\n\n<p>Para esto se aplica la suspensi\u00f3n condicional de la pena; la persona ingresa a un programa de tratamiento especializado de SENDA, contando siempre con la supervisi\u00f3n y apoyo desde el equipo jur\u00eddico, para que pueda obtener la alta terap\u00e9utica, logrando as\u00ed que la persona pueda disminuir su consumo problem\u00e1tico y evitar futuras reincidencias en conductas delictivas motivadas por el consumo de sustancias.<\/p>\n","protected":false},"excerpt":{"rendered":"<p>Programa TTD, actualmente con asiento solo en Curic\u00f3, atender\u00e1 tambi\u00e9n en comunas de Talca y Molina. A las comunas de Talca y Molina se extender\u00e1 la jurisdicci\u00f3n del Tribunal de&#8230; <a class=\"continue-reading-link\" href=\"https:\/\/ttd.pjud.cl\/ttd\/?p=1929\">Leer m\u00e1s &#8230;<\/a><\/p>\n","protected":false},"author":2,"featured_media":1930,"comment_status":"closed","ping_status":"","sticky":false,"template":"","format":"standard","meta":{"footnotes":""},"categories":[1],"tags":[],"class_list":["post-1929","post","type-post","status-publish","format-standard","has-post-thumbnail","hentry","category-sin-categoria"],"_links":{"self":[{"href":"https:\/\/ttd.pjud.cl\/ttd\/index.php?rest_route=\/wp\/v2\/posts\/1929"}],"collection":[{"href":"https:\/\/ttd.pjud.cl\/ttd\/index.php?rest_route=\/wp\/v2\/posts"}],"about":[{"href":"https:\/\/ttd.pjud.cl\/ttd\/index.php?rest_route=\/wp\/v2\/types\/post"}],"author":[{"embeddable":true,"href":"https:\/\/ttd.pjud.cl\/ttd\/index.php?rest_route=\/wp\/v2\/users\/2"}],"replies":[{"embeddable":true,"href":"https:\/\/ttd.pjud.cl\/ttd\/index.php?rest_route=%2Fwp%2Fv2%2Fcomments&post=1929"}],"version-history":[{"count":3,"href":"https:\/\/ttd.pjud.cl\/ttd\/index.php?rest_route=\/wp\/v2\/posts\/1929\/revisions"}],"predecessor-version":[{"id":1933,"href":"https:\/\/ttd.pjud.cl\/ttd\/index.php?rest_route=\/wp\/v2\/posts\/1929\/revisions\/1933"}],"wp:featuredmedia":[{"embeddable":true,"href":"https:\/\/ttd.pjud.cl\/ttd\/index.php?rest_route=\/wp\/v2\/media\/1930"}],"wp:attachment":[{"href":"https:\/\/ttd.pjud.cl\/ttd\/index.php?rest_route=%2Fwp%2Fv2%2Fmedia&parent=1929"}],"wp:term":[{"taxonomy":"category","embeddable":true,"href":"https:\/\/ttd.pjud.cl\/ttd\/index.php?rest_route=%2Fwp%2Fv2%2Fcategories&post=1929"},{"taxonomy":"post_tag","embeddable":true,"href":"https:\/\/ttd.pjud.cl\/ttd\/index.php?rest_route=%2Fwp%2Fv2%2Ftags&post=1929"}],"curies":[{"name":"wp","href":"https:\/\/api.w.org\/{rel}","templated":true}]}}