{"id":1934,"date":"2026-03-09T12:59:30","date_gmt":"2026-03-09T12:59:30","guid":{"rendered":"https:\/\/ttd.pjud.cl\/ttd\/?p=1934"},"modified":"2026-03-09T12:59:30","modified_gmt":"2026-03-09T12:59:30","slug":"en-la-corte-de-coyhaique-entidades-publicas-firman-convenio-para-iniciar-tribunal-de-tratamiento-de-drogas-y-alcohol","status":"publish","type":"post","link":"https:\/\/ttd.pjud.cl\/ttd\/?p=1934","title":{"rendered":"En la Corte de Coyhaique: Entidades p\u00fablicas firman convenio para iniciar Tribunal de Tratamiento de Drogas y Alcohol"},"content":{"rendered":"\n<figure class=\"wp-block-embed is-type-video is-provider-youtube wp-block-embed-youtube wp-embed-aspect-16-9 wp-has-aspect-ratio\"><div class=\"wp-block-embed__wrapper\">\n<iframe loading=\"lazy\" title=\"Corte de Coyhaique firm\u00f3 convenio para implementar nuevo Tribunal de Tratamiento de Drogas\" width=\"860\" height=\"484\" src=\"https:\/\/www.youtube.com\/embed\/yoFnq4Qmbxs?start=1&#038;feature=oembed\" frameborder=\"0\" allow=\"accelerometer; autoplay; clipboard-write; encrypted-media; gyroscope; picture-in-picture; web-share\" referrerpolicy=\"strict-origin-when-cross-origin\" allowfullscreen><\/iframe>\n<\/div><\/figure>\n\n\n\n<p>La ceremonia para dar inicio al Tribunal de Tratamiento de Drogas y Alcohol (TTD) en la capital regional, se efectu\u00f3 en dependencias de la Corte de Apelaciones de Coyhaique y cont\u00f3 con la asistencia de diversas autoridades regionales.<\/p>\n\n\n\n<p>Seis entidades p\u00fablicas de la Mesa Institucional de Tribunales de Tratamiento de Drogas y Alcohol de la regi\u00f3n, firmaron hoy &#8211; jueves 28 de marzo- un convenio para dar inicio a este exitoso programa en la jurisdicci\u00f3n de Coyhaique, el cual ya opera desde 2018 en la comuna de Puerto Ays\u00e9n.<\/p>\n\n\n\n<p>La ceremonia para dar inicio al Tribunal de Tratamiento de Drogas y Alcohol (TTD) en la capital regional, se efectu\u00f3 en dependencias de la Corte de Apelaciones de Coyhaique y cont\u00f3 con la asistencia de diversas autoridades regionales.<\/p>\n\n\n\n<p>El convenio fue suscrito por el presidente de la Corte de Apelaciones de Coyhaique, Luis Aedo; el fiscal Regional de Ays\u00e9n, Carlos Palma; el seremi de Justicia y Derechos Humanos, Samuel Navarro; el defensor regional, Jorge Moraga; el director regional del Servicio de Salud, Juan Pablo Bravo y la directora regional de Senda, Victoria Contreras. A la ceremonia tambi\u00e9n asisti\u00f3 el Delegado Presidencial de Ays\u00e9n, Rodrigo Araya, entre otras autoridades.<\/p>\n\n\n\n<p>El Programa de Tribunales de Tratamiento de Drogas y Alcohol, tiene como objetivo entregar tratamiento y rehabilitaci\u00f3n a consumidores problem\u00e1ticos de estas sustancias que han cometido un delito por primera vez, para lo cual, las distintas instituciones que participan de esta iniciativa trabajan conjuntamente para favorecer este proceso de cambio.<\/p>\n\n\n\n<p>El presidente de la Corte de Apelaciones, Luis Aedo Mora, sostuvo al finalizar la ceremonia que \u201cla mirada del Poder Judicial respecto de este protocolo firmado, nos inspira hacia una visi\u00f3n optimista acerca de una posibilidad alternativa de abordaje del conflicto jur\u00eddico penal, tom\u00e1ndolo de manera anticipada respecto de determinada clase de imputados para diversas clases de delitos, a objeto de poder lograr la anhelada reinserci\u00f3n\u201d. De esta forma, agreg\u00f3 el ministro, se ataca de ra\u00edz el problema evitando la sanci\u00f3n penal \u201cque es lo propio del sistema punitivo vigente\u201d.<\/p>\n\n\n\n<p>En tanto el fiscal regional de Ays\u00e9n, Carlos Palma, coment\u00f3 que \u201clo que permite el Tribunal de Tratamiento de Drogas es, en el marco de un listado de tipos de delito y bajo un perfil determinado de usuario imputado, seleccionar a esta persona y darle una alternativa distinta a la sanci\u00f3n punitiva privativa de libertad o no, y llevarlo a una salida alternativa que implique una rehabilitaci\u00f3n y permita de mejor forma una reinserci\u00f3n social\u201d.<\/p>\n\n\n\n<p>El persecutor penal agreg\u00f3 que \u201csi uno mira la estructuraci\u00f3n de la delincuencia, tenemos un alto porcentaje de delitos asociados al consumo de alcohol y drogas, pero adem\u00e1s tenemos un alto porcentaje de delitos de violencia intrafamiliar, lesiones leves y menos graves, amenazas a prop\u00f3sito de aquello tambi\u00e9n. Tenemos figuras b\u00e1sicas de delitos contra la propiedad, hurto, robo en lugar no habitado, da\u00f1os, que forman en definitiva el gran abanico de alternativas que van al Tribunal de Tratamiento de Drogas\u201d.<\/p>\n\n\n\n<p><strong>Atacar el problema<\/strong><\/p>\n\n\n\n<p>Por su parte, el Seremi Justicia, Samuel Navarro, a\u00f1adi\u00f3 que \u201ceste seguimiento se hace en una forma bastante inmediata a trav\u00e9s del mecanismo judicial. La persona se ve estimulada, pero adem\u00e1s fortalecida con la contenci\u00f3n que hacen los propios intervinientes. Por lo que nos permite avanzar en un modelo que es exitoso y que es in\u00e9dito, pero que, dadas las caracter\u00edsticas, nuestra regi\u00f3n tiene muchas posibilidades de avanzar, porque est\u00e1 la voluntad y la disposici\u00f3n de todos\u201d.<\/p>\n\n\n\n<p>Para el defensor regional de Ays\u00e9n, Jorge Moraga, \u201cla firma de este protocolo es un hito muy esperado. La justicia penal debe ser aplicada con inteligencia, no de manera mec\u00e1nica ni automatizada y esa inteligencia supone que al delincuente se le trata con justicia, pero con mano dura, pero al enfermo se le trata de otra manera y hay gente que ha cometido delitos pero que no es delincuente, que est\u00e1 enferma\u201d.<\/p>\n\n\n\n<p>El defensor sostuvo que \u201cestamos pensando b\u00e1sicamente en aquellas personas que cometen delitos de no particular gravedad y que est\u00e1n condicionando en su ejecuci\u00f3n a una adicci\u00f3n al alcohol u otras drogas. A esas personas imponerle una sanci\u00f3n penal que va a mantener intacto el problema de base no parece lo m\u00e1s inteligente. El Tribunal de Tratamiento de Drogas busca, a trav\u00e9s del procedimiento penal, instar por una soluci\u00f3n m\u00e1s de fondo al problema que origina el delito, esto es atacar el problema de adicci\u00f3n de la persona\u201d.<\/p>\n\n\n\n<p><strong>Consumo problem\u00e1tico<\/strong><\/p>\n\n\n\n<p>Mar\u00eda Victoria Contreras, Directora Regional de Senda, cree que este programa es una oportunidad para quienes \u201cpresentan un consumo problem\u00e1tico de sustancias, el poder acceder hacia nuestra oferta de atenci\u00f3n en convenio con el Servicio de Salud; para aquellas personas que han infringido la ley donde el Poder Judicial puede facilitar, no s\u00f3lo el acceso, sino tambi\u00e9n la motivaci\u00f3n y la adherencia\u201d. La profesional agreg\u00f3 que \u201cel Programa y el Modelo TTD tienen un alto nivel de efectividad en materia de reincidencia de aquellas personas que han ingresado al programa y que han atendido su situaci\u00f3n de salud\u201d.<\/p>\n\n\n\n<p>A su vez Juan Pablo Bravo, Director del Servicio de Salud Ays\u00e9n, subray\u00f3 que en los casos que pasan al Tribunal de Tratamiento de Drogas y Alcohol, \u201cla pesquisa la hace el Poder Judicial, la derivaci\u00f3n posterior la hace al Servicio de Salud Ays\u00e9n, donde se eval\u00faan estos pacientes para ver si pueden ingresar a este convenio. Del tratamiento posterior se hace cargo el Servicio de Salud, desde sus distintas instancias de salud mental y sus distintos dispositivos\u201d.<\/p>\n\n\n\n<p>El directivo finaliz\u00f3 comentando que \u201ceste programa se inicia en Puerto Ays\u00e9n el a\u00f1o 2018, donde se han tratado ocho personas con alzas exitosas, que han regresado a la sociedad, con sus familias y retorno a una vida normal\u201d.<\/p>\n\n\n\n<figure class=\"wp-block-image size-full\"><img loading=\"lazy\" decoding=\"async\" width=\"1132\" height=\"631\" src=\"https:\/\/ttd.pjud.cl\/ttd\/wp-content\/uploads\/2026\/03\/COHYAIQUE3.jpg\" alt=\"\" class=\"wp-image-1937\"\/><\/figure>\n\n\n\n<figure class=\"wp-block-image size-full\"><img loading=\"lazy\" decoding=\"async\" width=\"1150\" height=\"534\" src=\"https:\/\/ttd.pjud.cl\/ttd\/wp-content\/uploads\/2026\/03\/COHYAIQUE2.jpg\" alt=\"\" class=\"wp-image-1936\"\/><\/figure>\n\n\n\n<figure class=\"wp-block-image size-full\"><img loading=\"lazy\" decoding=\"async\" width=\"1141\" height=\"694\" src=\"https:\/\/ttd.pjud.cl\/ttd\/wp-content\/uploads\/2026\/03\/COHYAIQUE1.jpg\" alt=\"\" class=\"wp-image-1935\"\/><\/figure>\n","protected":false},"excerpt":{"rendered":"<p>La ceremonia para dar inicio al Tribunal de Tratamiento de Drogas y Alcohol (TTD) en la capital regional, se efectu\u00f3 en dependencias de la Corte de Apelaciones de Coyhaique y&#8230; <a class=\"continue-reading-link\" href=\"https:\/\/ttd.pjud.cl\/ttd\/?p=1934\">Leer m\u00e1s &#8230;<\/a><\/p>\n","protected":false},"author":2,"featured_media":1936,"comment_status":"closed","ping_status":"","sticky":false,"template":"","format":"standard","meta":{"footnotes":""},"categories":[1],"tags":[],"class_list":["post-1934","post","type-post","status-publish","format-standard","has-post-thumbnail","hentry","category-sin-categoria"],"_links":{"self":[{"href":"https:\/\/ttd.pjud.cl\/ttd\/index.php?rest_route=\/wp\/v2\/posts\/1934"}],"collection":[{"href":"https:\/\/ttd.pjud.cl\/ttd\/index.php?rest_route=\/wp\/v2\/posts"}],"about":[{"href":"https:\/\/ttd.pjud.cl\/ttd\/index.php?rest_route=\/wp\/v2\/types\/post"}],"author":[{"embeddable":true,"href":"https:\/\/ttd.pjud.cl\/ttd\/index.php?rest_route=\/wp\/v2\/users\/2"}],"replies":[{"embeddable":true,"href":"https:\/\/ttd.pjud.cl\/ttd\/index.php?rest_route=%2Fwp%2Fv2%2Fcomments&post=1934"}],"version-history":[{"count":1,"href":"https:\/\/ttd.pjud.cl\/ttd\/index.php?rest_route=\/wp\/v2\/posts\/1934\/revisions"}],"predecessor-version":[{"id":1938,"href":"https:\/\/ttd.pjud.cl\/ttd\/index.php?rest_route=\/wp\/v2\/posts\/1934\/revisions\/1938"}],"wp:featuredmedia":[{"embeddable":true,"href":"https:\/\/ttd.pjud.cl\/ttd\/index.php?rest_route=\/wp\/v2\/media\/1936"}],"wp:attachment":[{"href":"https:\/\/ttd.pjud.cl\/ttd\/index.php?rest_route=%2Fwp%2Fv2%2Fmedia&parent=1934"}],"wp:term":[{"taxonomy":"category","embeddable":true,"href":"https:\/\/ttd.pjud.cl\/ttd\/index.php?rest_route=%2Fwp%2Fv2%2Fcategories&post=1934"},{"taxonomy":"post_tag","embeddable":true,"href":"https:\/\/ttd.pjud.cl\/ttd\/index.php?rest_route=%2Fwp%2Fv2%2Ftags&post=1934"}],"curies":[{"name":"wp","href":"https:\/\/api.w.org\/{rel}","templated":true}]}}