{"id":529,"date":"2017-01-24T17:21:10","date_gmt":"2017-01-24T17:21:10","guid":{"rendered":"http:\/\/vmttdprod01.cadm.pjud\/ttd\/?p=529"},"modified":"2017-02-13T19:51:56","modified_gmt":"2017-02-13T19:51:56","slug":"representantes-del-poder-judicial-participan-en-seminario-de-senda-sobre-experiencias-terapeuticas-en-materia-de-drogas-y-alcohol","status":"publish","type":"post","link":"https:\/\/ttd.pjud.cl\/ttd\/?p=529","title":{"rendered":"Representantes del Poder Judicial participan en seminario de SENDA sobre experiencias terap\u00e9uticas en materia de drogas y alcohol"},"content":{"rendered":"<p><img loading=\"lazy\" decoding=\"async\" class=\"aligncenter wp-image-531 size-medium\" src=\"https:\/\/ttd.pjud.cl\/ttd\/wp-content\/uploads\/2017\/01\/senda-5.JPG-e1487015512481-300x131.jpg\" alt=\"senda 5.JPG\" width=\"300\" height=\"131\" srcset=\"https:\/\/ttd.pjud.cl\/ttd\/wp-content\/uploads\/2017\/01\/senda-5.JPG-e1487015512481-300x131.jpg 300w, https:\/\/ttd.pjud.cl\/ttd\/wp-content\/uploads\/2017\/01\/senda-5.JPG-e1487015512481-768x335.jpg 768w, https:\/\/ttd.pjud.cl\/ttd\/wp-content\/uploads\/2017\/01\/senda-5.JPG-e1487015512481-803x350.jpg 803w, https:\/\/ttd.pjud.cl\/ttd\/wp-content\/uploads\/2017\/01\/senda-5.JPG-e1487015512481-150x65.jpg 150w, https:\/\/ttd.pjud.cl\/ttd\/wp-content\/uploads\/2017\/01\/senda-5.JPG-e1487015512481.jpg 1021w\" sizes=\"(max-width: 300px) 100vw, 300px\" \/><\/p>\n<p>Tres representantes del Poder Judicial participaron ayer -mi\u00e9rcoles 21 de diciembre- en el seminario denominado &#8220;Primer encuentro de experiencias de avances terap\u00e9uticos en el proceso de seguimiento judicial en contexto de TTD&#8221;, organizado por el Servicio Nacional de Drogas y Alcohol (SENDA) con el objetivo de abordar experiencias terap\u00e9uticas en materia de drogas y alcohol. Expusieron en esta jornada\u00a0el ministro interlocutor del programa Tribunales de Tratamiento de drogas (TTD), Roberto Contreras, junto a las magistradas Mar\u00eda Ang\u00e9lica Rosen, del 15\u00b0 Juzgado de Garant\u00eda, y Claudia Pizarro, del 2\u00b0 Juzgado de Garant\u00eda de Santiago.<\/p>\n<p>La actividad -en la que participaron un centenar de profesionales de SENDA, de la Defensor\u00eda Penal P\u00fablica, Ministerio P\u00fablico y centros de tratamiento de la regi\u00f3n metropolitana- comenz\u00f3 con la presentaci\u00f3n del ministro Contreras, quien se refiri\u00f3 a la experiencia de los TTD desde su implementaci\u00f3n, los avances\u00a0 y el programa dirigido espec\u00edficamente a adolescentes.<\/p>\n<p>&#8220;Nos parece sumamente relevante este tipo de capacitaciones para los profesionales que intervienen en el programa Tribunales de Tratamiento de Drogas, ya que son jornadas con participaci\u00f3n de todas las instituciones relevantes en el \u00e1rea y permiten compartir una mirada en conjunto entre el componente jur\u00eddico a cargo de jueces, fiscales y defensores y el componente sanitario a cargo de las duplas sicosociales de SENDA y los centros de tratamiento para la rehabilitaci\u00f3n de los usuarios&#8221;, se\u00f1al\u00f3 Roberto Contreras.<\/p>\n<p>A continuaci\u00f3n, las magistradas Rosen y Pizarro explicaron el trabajo desarrollado como juezas del programa TTD para adultos y TDD con adolescentes, particularmente respecto a los mecanismos para que los usuarios concluyan sus tratamiento de forma exitosa. Ocasi\u00f3n en la que tambi\u00e9n expusieron \u2013desde la mirada cl\u00ednica- representantes de la Comunidad Terap\u00e9utica Ori\u00f3n y el Centro de tratamiento \u00c1gora de Santiago centro.<\/p>\n<p>Al finalizar, \u00c1lvaro\u00a0 Orellana, jefe \u00e1rea del \u00e1rea de tratamiento del SENDA Metropolitano, agradeci\u00f3 a los representantes del Poder Judicial y particularmente a la Unidad de Seguimiento de los TTD -dependiente del departamento de Desarrollo institucional del Poder Judicial\u00a0 (DDI)- &#8220;ya que fue fundamental en la organizaci\u00f3n y coordinaci\u00f3n del seminario.&#8221;<\/p>\n<p style=\"text-align: center;\"><img loading=\"lazy\" decoding=\"async\" class=\"alignnone size-medium wp-image-533\" src=\"https:\/\/ttd.pjud.cl\/ttd\/wp-content\/uploads\/2017\/01\/senda-4.JPG-300x200.jpg\" alt=\"senda 4.JPG\" width=\"300\" height=\"200\" srcset=\"https:\/\/ttd.pjud.cl\/ttd\/wp-content\/uploads\/2017\/01\/senda-4.JPG-300x200.jpg 300w, https:\/\/ttd.pjud.cl\/ttd\/wp-content\/uploads\/2017\/01\/senda-4.JPG-768x512.jpg 768w, https:\/\/ttd.pjud.cl\/ttd\/wp-content\/uploads\/2017\/01\/senda-4.JPG.jpg 1024w, https:\/\/ttd.pjud.cl\/ttd\/wp-content\/uploads\/2017\/01\/senda-4.JPG-525x350.jpg 525w, https:\/\/ttd.pjud.cl\/ttd\/wp-content\/uploads\/2017\/01\/senda-4.JPG-150x100.jpg 150w\" sizes=\"(max-width: 300px) 100vw, 300px\" \/> <img loading=\"lazy\" decoding=\"async\" class=\"alignnone size-medium wp-image-534\" src=\"https:\/\/ttd.pjud.cl\/ttd\/wp-content\/uploads\/2017\/01\/senda-1-300x200.jpg\" alt=\"senda 1\" width=\"300\" height=\"200\" srcset=\"https:\/\/ttd.pjud.cl\/ttd\/wp-content\/uploads\/2017\/01\/senda-1-300x200.jpg 300w, https:\/\/ttd.pjud.cl\/ttd\/wp-content\/uploads\/2017\/01\/senda-1-768x512.jpg 768w, https:\/\/ttd.pjud.cl\/ttd\/wp-content\/uploads\/2017\/01\/senda-1.jpg 1024w, https:\/\/ttd.pjud.cl\/ttd\/wp-content\/uploads\/2017\/01\/senda-1-525x350.jpg 525w, https:\/\/ttd.pjud.cl\/ttd\/wp-content\/uploads\/2017\/01\/senda-1-150x100.jpg 150w\" sizes=\"(max-width: 300px) 100vw, 300px\" \/> <img loading=\"lazy\" decoding=\"async\" class=\"alignnone size-medium wp-image-535\" src=\"https:\/\/ttd.pjud.cl\/ttd\/wp-content\/uploads\/2017\/01\/senda-2.JPG-300x200.jpg\" alt=\"senda 2.JPG\" width=\"300\" height=\"200\" srcset=\"https:\/\/ttd.pjud.cl\/ttd\/wp-content\/uploads\/2017\/01\/senda-2.JPG-300x200.jpg 300w, https:\/\/ttd.pjud.cl\/ttd\/wp-content\/uploads\/2017\/01\/senda-2.JPG-768x512.jpg 768w, https:\/\/ttd.pjud.cl\/ttd\/wp-content\/uploads\/2017\/01\/senda-2.JPG.jpg 1024w, https:\/\/ttd.pjud.cl\/ttd\/wp-content\/uploads\/2017\/01\/senda-2.JPG-525x350.jpg 525w, https:\/\/ttd.pjud.cl\/ttd\/wp-content\/uploads\/2017\/01\/senda-2.JPG-150x100.jpg 150w\" sizes=\"(max-width: 300px) 100vw, 300px\" \/> <img loading=\"lazy\" decoding=\"async\" class=\"alignnone size-medium wp-image-536\" src=\"https:\/\/ttd.pjud.cl\/ttd\/wp-content\/uploads\/2017\/01\/senda-3.JPG-300x200.jpg\" alt=\"senda 3.JPG\" width=\"300\" height=\"200\" srcset=\"https:\/\/ttd.pjud.cl\/ttd\/wp-content\/uploads\/2017\/01\/senda-3.JPG-300x200.jpg 300w, https:\/\/ttd.pjud.cl\/ttd\/wp-content\/uploads\/2017\/01\/senda-3.JPG-768x512.jpg 768w, https:\/\/ttd.pjud.cl\/ttd\/wp-content\/uploads\/2017\/01\/senda-3.JPG.jpg 1024w, https:\/\/ttd.pjud.cl\/ttd\/wp-content\/uploads\/2017\/01\/senda-3.JPG-525x350.jpg 525w, https:\/\/ttd.pjud.cl\/ttd\/wp-content\/uploads\/2017\/01\/senda-3.JPG-150x100.jpg 150w\" sizes=\"(max-width: 300px) 100vw, 300px\" \/><\/p>\n<p>&nbsp;<\/p>\n","protected":false},"excerpt":{"rendered":"<p>Tres representantes del Poder Judicial participaron ayer -mi\u00e9rcoles 21 de diciembre- en el seminario denominado &#8220;Primer encuentro de experiencias de avances terap\u00e9uticos en el proceso de seguimiento judicial en contexto&#8230; <a class=\"continue-reading-link\" href=\"https:\/\/ttd.pjud.cl\/ttd\/?p=529\">Leer m\u00e1s &#8230;<\/a><\/p>\n","protected":false},"author":1,"featured_media":531,"comment_status":"open","ping_status":"open","sticky":false,"template":"","format":"standard","meta":{"footnotes":""},"categories":[1],"tags":[],"class_list":["post-529","post","type-post","status-publish","format-standard","has-post-thumbnail","hentry","category-sin-categoria"],"_links":{"self":[{"href":"https:\/\/ttd.pjud.cl\/ttd\/index.php?rest_route=\/wp\/v2\/posts\/529"}],"collection":[{"href":"https:\/\/ttd.pjud.cl\/ttd\/index.php?rest_route=\/wp\/v2\/posts"}],"about":[{"href":"https:\/\/ttd.pjud.cl\/ttd\/index.php?rest_route=\/wp\/v2\/types\/post"}],"author":[{"embeddable":true,"href":"https:\/\/ttd.pjud.cl\/ttd\/index.php?rest_route=\/wp\/v2\/users\/1"}],"replies":[{"embeddable":true,"href":"https:\/\/ttd.pjud.cl\/ttd\/index.php?rest_route=%2Fwp%2Fv2%2Fcomments&post=529"}],"version-history":[{"count":10,"href":"https:\/\/ttd.pjud.cl\/ttd\/index.php?rest_route=\/wp\/v2\/posts\/529\/revisions"}],"predecessor-version":[{"id":602,"href":"https:\/\/ttd.pjud.cl\/ttd\/index.php?rest_route=\/wp\/v2\/posts\/529\/revisions\/602"}],"wp:featuredmedia":[{"embeddable":true,"href":"https:\/\/ttd.pjud.cl\/ttd\/index.php?rest_route=\/wp\/v2\/media\/531"}],"wp:attachment":[{"href":"https:\/\/ttd.pjud.cl\/ttd\/index.php?rest_route=%2Fwp%2Fv2%2Fmedia&parent=529"}],"wp:term":[{"taxonomy":"category","embeddable":true,"href":"https:\/\/ttd.pjud.cl\/ttd\/index.php?rest_route=%2Fwp%2Fv2%2Fcategories&post=529"},{"taxonomy":"post_tag","embeddable":true,"href":"https:\/\/ttd.pjud.cl\/ttd\/index.php?rest_route=%2Fwp%2Fv2%2Ftags&post=529"}],"curies":[{"name":"wp","href":"https:\/\/api.w.org\/{rel}","templated":true}]}}