{"id":803,"date":"2017-05-31T19:14:51","date_gmt":"2017-05-31T19:14:51","guid":{"rendered":"http:\/\/vmttdprod01.cadm.pjud\/ttd\/?p=803"},"modified":"2017-06-14T15:00:44","modified_gmt":"2017-06-14T15:00:44","slug":"inauguran-en-curico-el-programa-tribunales-de-tratamiento-de-drogas-yo-alcohol-para-adolescentes","status":"publish","type":"post","link":"https:\/\/ttd.pjud.cl\/ttd\/?p=803","title":{"rendered":"Inauguran en Curic\u00f3 el programa &#8220;Tribunales de Tratamiento de Drogas y\/o Alcohol para Adolescentes&#8221;"},"content":{"rendered":"<p>Con la presencia de autoridades regionales, encabezadas por el presidente de la Corte de Apelaciones de Talca, ministro Mois\u00e9s Mu\u00f1oz Concha, se inaugur\u00f3 ayer -31 de mayo- el Programa &#8220;Tribunales de Tratamiento de Drogas y\/o Alcohol para Adolescentes&#8221;.<\/p>\n<p>El TTD es un mecanismo que permite entregar tratamiento y rehabilitaci\u00f3n a consumidores problem\u00e1ticos de drogas que han cometido delito por primera vez, a trav\u00e9s de la herramienta judicial llamada suspensi\u00f3n condicional del procedimiento.<\/p>\n<p>El ministro Mois\u00e9s Mu\u00f1oz manifest\u00f3 que dicho programa ya se encuentra funcionando con la poblaci\u00f3n adulta de la jurisdicci\u00f3n de Talca, &#8220;ahora est\u00e1 siendo replicado en adolescentes, quienes recibir\u00e1n un tratamiento de profesionales, que finaliza con el egreso del programa. Hoy est\u00e1 reci\u00e9n comenzando, son los primeros pasos y esperamos que sean pasos exitosos&#8221;, concluy\u00f3 el presidente de la Corte de Talca.<\/p>\n<p><img loading=\"lazy\" decoding=\"async\" class=\"wp-image-804 size-full aligncenter\" src=\"https:\/\/ttd.pjud.cl\/ttd\/wp-content\/uploads\/2017\/06\/talca_inauguracionttd.jpg\" alt=\"talca_inauguracionttd\" width=\"640\" height=\"480\" \/><\/p>\n<p><img loading=\"lazy\" decoding=\"async\" class=\"aligncenter wp-image-818 size-large\" src=\"https:\/\/ttd.pjud.cl\/ttd\/wp-content\/uploads\/2017\/05\/IMG_0592-1024x682.jpg\" alt=\"IMG_0592\" width=\"860\" height=\"573\" srcset=\"https:\/\/ttd.pjud.cl\/ttd\/wp-content\/uploads\/2017\/05\/IMG_0592-1024x682.jpg 1024w, https:\/\/ttd.pjud.cl\/ttd\/wp-content\/uploads\/2017\/05\/IMG_0592-300x200.jpg 300w, https:\/\/ttd.pjud.cl\/ttd\/wp-content\/uploads\/2017\/05\/IMG_0592-768x512.jpg 768w, https:\/\/ttd.pjud.cl\/ttd\/wp-content\/uploads\/2017\/05\/IMG_0592-150x100.jpg 150w, https:\/\/ttd.pjud.cl\/ttd\/wp-content\/uploads\/2017\/05\/IMG_0592-1210x806.jpg 1210w, https:\/\/ttd.pjud.cl\/ttd\/wp-content\/uploads\/2017\/05\/IMG_0592.jpg 1280w\" sizes=\"(max-width: 860px) 100vw, 860px\" \/><\/p>\n<p><img loading=\"lazy\" decoding=\"async\" class=\"wp-image-817 size-full aligncenter\" src=\"https:\/\/ttd.pjud.cl\/ttd\/wp-content\/uploads\/2017\/05\/IMG_0544-e1497452341479.jpg\" alt=\"IMG_0544\" width=\"480\" height=\"640\" srcset=\"https:\/\/ttd.pjud.cl\/ttd\/wp-content\/uploads\/2017\/05\/IMG_0544-e1497452341479.jpg 480w, https:\/\/ttd.pjud.cl\/ttd\/wp-content\/uploads\/2017\/05\/IMG_0544-e1497452341479-225x300.jpg 225w, https:\/\/ttd.pjud.cl\/ttd\/wp-content\/uploads\/2017\/05\/IMG_0544-e1497452341479-113x150.jpg 113w\" sizes=\"(max-width: 480px) 100vw, 480px\" \/><\/p>\n<blockquote><p>Con la presencia de autoridades regionales, encabezadas por el presidente de la Corte de Apelaciones de Talca, ministro Mois\u00e9s Mu\u00f1oz Concha, se inaugur\u00f3 ayer -31 de mayo- el Programa \u201cTribunales de Tratamiento de Drogas y\/o Alcohol para Adolescentes\u201d.<\/p><\/blockquote>\n<p>Fuente:\u00a0<a href=\"https:\/\/www.pjud.cl\/web\/guest\/noticias-del-poder-judicial\/-\/asset_publisher\/kV6Vdm3zNEWt\/content\/inauguran-en-curico-el-programa-tribunales-de-tratamiento-de-drogas-y-o-alcohol-para-adolescentes-\">Poder Judicial chileno<\/a><\/p>\n<p>&nbsp;<\/p>\n","protected":false},"excerpt":{"rendered":"<p>Con la presencia de autoridades regionales, encabezadas por el presidente de la Corte de Apelaciones de Talca, ministro Mois\u00e9s Mu\u00f1oz Concha, se inaugur\u00f3 ayer -31 de mayo- el Programa &#8220;Tribunales&#8230; <a class=\"continue-reading-link\" href=\"https:\/\/ttd.pjud.cl\/ttd\/?p=803\">Leer m\u00e1s &#8230;<\/a><\/p>\n","protected":false},"author":1,"featured_media":818,"comment_status":"open","ping_status":"open","sticky":false,"template":"","format":"standard","meta":{"footnotes":""},"categories":[1],"tags":[],"class_list":["post-803","post","type-post","status-publish","format-standard","has-post-thumbnail","hentry","category-sin-categoria"],"_links":{"self":[{"href":"https:\/\/ttd.pjud.cl\/ttd\/index.php?rest_route=\/wp\/v2\/posts\/803"}],"collection":[{"href":"https:\/\/ttd.pjud.cl\/ttd\/index.php?rest_route=\/wp\/v2\/posts"}],"about":[{"href":"https:\/\/ttd.pjud.cl\/ttd\/index.php?rest_route=\/wp\/v2\/types\/post"}],"author":[{"embeddable":true,"href":"https:\/\/ttd.pjud.cl\/ttd\/index.php?rest_route=\/wp\/v2\/users\/1"}],"replies":[{"embeddable":true,"href":"https:\/\/ttd.pjud.cl\/ttd\/index.php?rest_route=%2Fwp%2Fv2%2Fcomments&post=803"}],"version-history":[{"count":3,"href":"https:\/\/ttd.pjud.cl\/ttd\/index.php?rest_route=\/wp\/v2\/posts\/803\/revisions"}],"predecessor-version":[{"id":820,"href":"https:\/\/ttd.pjud.cl\/ttd\/index.php?rest_route=\/wp\/v2\/posts\/803\/revisions\/820"}],"wp:featuredmedia":[{"embeddable":true,"href":"https:\/\/ttd.pjud.cl\/ttd\/index.php?rest_route=\/wp\/v2\/media\/818"}],"wp:attachment":[{"href":"https:\/\/ttd.pjud.cl\/ttd\/index.php?rest_route=%2Fwp%2Fv2%2Fmedia&parent=803"}],"wp:term":[{"taxonomy":"category","embeddable":true,"href":"https:\/\/ttd.pjud.cl\/ttd\/index.php?rest_route=%2Fwp%2Fv2%2Fcategories&post=803"},{"taxonomy":"post_tag","embeddable":true,"href":"https:\/\/ttd.pjud.cl\/ttd\/index.php?rest_route=%2Fwp%2Fv2%2Ftags&post=803"}],"curies":[{"name":"wp","href":"https:\/\/api.w.org\/{rel}","templated":true}]}}