{"id":806,"date":"2017-06-07T19:27:26","date_gmt":"2017-06-07T19:27:26","guid":{"rendered":"http:\/\/vmttdprod01.cadm.pjud\/ttd\/?p=806"},"modified":"2017-06-13T19:30:54","modified_gmt":"2017-06-13T19:30:54","slug":"presidente-de-la-corte-suprema-encabeza-audiencia-de-egreso-de-usuarios-de-los-tribunales-de-tratamiento-de-drogas-del-15o-juzgado-de-garantia-de-santiago","status":"publish","type":"post","link":"https:\/\/ttd.pjud.cl\/ttd\/?p=806","title":{"rendered":"Presidente de la Corte Suprema encabeza audiencia de egreso de usuarios de los Tribunales de Tratamiento de Drogas del 15\u00ba Juzgado de garant\u00eda de Santiago"},"content":{"rendered":"<p>El presidente de la Corte Suprema, Hugo Dolmestch, encabez\u00f3 hoy -mi\u00e9rcoles 7 de junio- una audiencia de egreso de siete usuarios del programa \u00a0Tribunales de Tratamiento de Drogas y, adem\u00e1s, de conmemoraci\u00f3n por los 10 de a\u00f1os desde su implementaci\u00f3n en el 15\u00b0 Juzgado de Garant\u00eda de Santiago.<\/p>\n<div>La actividad cont\u00f3 con la asistencia del Fiscal nacional del Ministerio P\u00fablico, Jorge Abbott; el Defensor Nacional, Andr\u00e9s Mahnke; \u00a0la presidenta de la Corte de Apelaciones de San Miguel, Sylvia Pizarro; el ministro interlocutor nacional del programa TTD, Roberto Contreras; el director del \u00a0Servicio Nacional para la Prevenci\u00f3n y Rehabilitaci\u00f3n del Consumo de Drogas y Alcohol \u2013Senda-, Patricio Bustos; el fiscal regional metropolitano sur, Ra\u00fal Guzm\u00e1n; la defensora regional Sur, Viviana Castel; fiscales y defensores del programa TTD, egresados y sus familias, entre otros.<\/div>\n<div><\/div>\n<div>En la audiencia dirigida por la magistrada del 15\u00b0 Juzgado de Garant\u00eda de Santiago Mar\u00eda Ang\u00e9lica Rosen, los egresados entregaron sus testimonios respecto a sus experiencias de rehabilitaci\u00f3n y la manera en que el \u00a0programa incidi\u00f3 positivamente en sus vidas, adem\u00e1s del beneficioso efecto a nivel familiar al recomponer sus relaciones.<\/div>\n<div><\/div>\n<div>&#8220;Yo lo he dicho en m\u00e1s de una oportunidad, yo creo que esta es una de \u00a0las actuaciones m\u00e1s hermosas y m\u00e1s dignas de nuestro Poder Judicial, conjuntamente con el resto de las instituciones. Se trata ni m\u00e1s ni menos que evitar que la gente termine en la c\u00e1rcel. Cuando empezamos ten\u00edamos el problema de la suspensi\u00f3n del procedimiento solamente es posible de acuerdo a la ley, cuando se trata de delitos con una pena \u00a0baja. De tal forma que la rehabilitaci\u00f3n era importante pero no \u00a0fundamental. Pero ahora ya hemos logrado extender \u00a0esto para la juventud y eso s\u00ed que significa evitar que vayan a la c\u00e1rcel y caigan \u00a0 en el ruedo de la delincuencia, por \u00a0lo tanto al escuchar \u00a0estas personas que han salido airosas del \u00a0tratamiento para m\u00ed es una satisfacci\u00f3n enorme, \u00a0es otra imagen \u00a0del Poder Judicial que me gustar\u00eda que fuese conocida por todos los \u00a0chilenos&#8221;, afirm\u00f3 el presidente Dolmestch al t\u00e9rmino de la audiencia.<\/div>\n<div><\/div>\n<div>En tanto el fiscal nacional se\u00f1al\u00f3 que &#8220;realmente este programa produce efectos concretos que se pueden medir \u00a0como ha ocurrido en \u00a0esta provincia. Hay un compromiso como instituci\u00f3n, pero m\u00e1s que eso, quiero destacar \u00a0el compromiso de todos los intervinientes. Ac\u00e1 ustedes no vieron a un juez lejano, no vieron a un fiscal que simplemente quer\u00eda aplicar unas normas y buscar una salida r\u00e1pida, f\u00e1cil, \u00a0para mejorar su estad\u00edstica y tener una causa menos. Todos buscaban y centraban la mirada en ustedes, en las personas y como se humaniza la justicia&#8221;.<\/div>\n<div><\/div>\n<div>Finalmente, el ministro interlocutor nacional del programa TTD, Roberto Contreras destac\u00f3 que &#8220;el 60 o 70 por ciento de estos delitos que hemos visto son cometidos con una relaci\u00f3n con la droga, lo que se llama el consumo problem\u00e1tico de drogas y alcohol asociados a las infracciones penales, entonces este programa \u00a0que apunta a esa relaci\u00f3n droga delito ha tenido unos resultados que han sido extraordinarios. \u00a0Nosotros hicimos un an\u00e1lisis de lo que ocurri\u00f3 en el a\u00f1o 2014 y aquellos que ingresaron \u00a0al programa y que terminaron exitosamente solo tuvieron una reincidencia del 9%, versus de la reincidencia general que es del 65 %. Es decir el \u00e9xito es \u00a0espectacular&#8221;.<\/div>\n<div><\/div>\n<div><img loading=\"lazy\" decoding=\"async\" class=\"aligncenter wp-image-807 size-large\" src=\"https:\/\/ttd.pjud.cl\/ttd\/wp-content\/uploads\/2017\/06\/7-junio-h-1024x683.jpg\" alt=\"7 junio h\" width=\"860\" height=\"574\" srcset=\"https:\/\/ttd.pjud.cl\/ttd\/wp-content\/uploads\/2017\/06\/7-junio-h.jpg 1024w, https:\/\/ttd.pjud.cl\/ttd\/wp-content\/uploads\/2017\/06\/7-junio-h-300x200.jpg 300w, https:\/\/ttd.pjud.cl\/ttd\/wp-content\/uploads\/2017\/06\/7-junio-h-768x512.jpg 768w, https:\/\/ttd.pjud.cl\/ttd\/wp-content\/uploads\/2017\/06\/7-junio-h-150x100.jpg 150w\" sizes=\"(max-width: 860px) 100vw, 860px\" \/><\/div>\n<div><img loading=\"lazy\" decoding=\"async\" class=\"alignnone wp-image-808 size-large\" src=\"https:\/\/ttd.pjud.cl\/ttd\/wp-content\/uploads\/2017\/06\/7-junio-a-1024x683.jpg\" alt=\"7 junio a\" width=\"860\" height=\"574\" srcset=\"https:\/\/ttd.pjud.cl\/ttd\/wp-content\/uploads\/2017\/06\/7-junio-a.jpg 1024w, https:\/\/ttd.pjud.cl\/ttd\/wp-content\/uploads\/2017\/06\/7-junio-a-300x200.jpg 300w, https:\/\/ttd.pjud.cl\/ttd\/wp-content\/uploads\/2017\/06\/7-junio-a-768x512.jpg 768w, https:\/\/ttd.pjud.cl\/ttd\/wp-content\/uploads\/2017\/06\/7-junio-a-150x100.jpg 150w\" sizes=\"(max-width: 860px) 100vw, 860px\" \/><\/div>\n<div><img loading=\"lazy\" decoding=\"async\" class=\"aligncenter wp-image-809 size-large\" src=\"https:\/\/ttd.pjud.cl\/ttd\/wp-content\/uploads\/2017\/06\/7-junio-b-1024x683.jpg\" alt=\"7 junio b\" width=\"860\" height=\"574\" srcset=\"https:\/\/ttd.pjud.cl\/ttd\/wp-content\/uploads\/2017\/06\/7-junio-b.jpg 1024w, https:\/\/ttd.pjud.cl\/ttd\/wp-content\/uploads\/2017\/06\/7-junio-b-300x200.jpg 300w, https:\/\/ttd.pjud.cl\/ttd\/wp-content\/uploads\/2017\/06\/7-junio-b-768x512.jpg 768w, https:\/\/ttd.pjud.cl\/ttd\/wp-content\/uploads\/2017\/06\/7-junio-b-150x100.jpg 150w\" sizes=\"(max-width: 860px) 100vw, 860px\" \/><\/div>\n<div><img loading=\"lazy\" decoding=\"async\" class=\"alignnone wp-image-810 size-large\" src=\"https:\/\/ttd.pjud.cl\/ttd\/wp-content\/uploads\/2017\/06\/7-junio-c-1024x683.jpg\" alt=\"7 junio c\" width=\"860\" height=\"574\" srcset=\"https:\/\/ttd.pjud.cl\/ttd\/wp-content\/uploads\/2017\/06\/7-junio-c.jpg 1024w, https:\/\/ttd.pjud.cl\/ttd\/wp-content\/uploads\/2017\/06\/7-junio-c-300x200.jpg 300w, https:\/\/ttd.pjud.cl\/ttd\/wp-content\/uploads\/2017\/06\/7-junio-c-768x512.jpg 768w, https:\/\/ttd.pjud.cl\/ttd\/wp-content\/uploads\/2017\/06\/7-junio-c-150x100.jpg 150w\" sizes=\"(max-width: 860px) 100vw, 860px\" \/><\/div>\n<div><\/div>\n<div><img loading=\"lazy\" decoding=\"async\" class=\"alignnone wp-image-811 size-large\" src=\"https:\/\/ttd.pjud.cl\/ttd\/wp-content\/uploads\/2017\/06\/7-junio-d-1024x683.jpg\" alt=\"7 junio d\" width=\"860\" height=\"574\" srcset=\"https:\/\/ttd.pjud.cl\/ttd\/wp-content\/uploads\/2017\/06\/7-junio-d.jpg 1024w, https:\/\/ttd.pjud.cl\/ttd\/wp-content\/uploads\/2017\/06\/7-junio-d-300x200.jpg 300w, https:\/\/ttd.pjud.cl\/ttd\/wp-content\/uploads\/2017\/06\/7-junio-d-768x512.jpg 768w, https:\/\/ttd.pjud.cl\/ttd\/wp-content\/uploads\/2017\/06\/7-junio-d-150x100.jpg 150w\" sizes=\"(max-width: 860px) 100vw, 860px\" \/><\/div>\n<div><img loading=\"lazy\" decoding=\"async\" class=\"alignnone wp-image-812 size-large\" src=\"https:\/\/ttd.pjud.cl\/ttd\/wp-content\/uploads\/2017\/06\/7-junio-e-1024x683.jpg\" alt=\"7 junio e\" width=\"860\" height=\"574\" srcset=\"https:\/\/ttd.pjud.cl\/ttd\/wp-content\/uploads\/2017\/06\/7-junio-e.jpg 1024w, https:\/\/ttd.pjud.cl\/ttd\/wp-content\/uploads\/2017\/06\/7-junio-e-300x200.jpg 300w, https:\/\/ttd.pjud.cl\/ttd\/wp-content\/uploads\/2017\/06\/7-junio-e-768x512.jpg 768w, https:\/\/ttd.pjud.cl\/ttd\/wp-content\/uploads\/2017\/06\/7-junio-e-150x100.jpg 150w\" sizes=\"(max-width: 860px) 100vw, 860px\" \/><\/div>\n<div><img loading=\"lazy\" decoding=\"async\" class=\"alignnone wp-image-813 size-large\" src=\"https:\/\/ttd.pjud.cl\/ttd\/wp-content\/uploads\/2017\/06\/7-junio-f-1024x683.jpg\" alt=\"7 junio f\" width=\"860\" height=\"574\" srcset=\"https:\/\/ttd.pjud.cl\/ttd\/wp-content\/uploads\/2017\/06\/7-junio-f.jpg 1024w, https:\/\/ttd.pjud.cl\/ttd\/wp-content\/uploads\/2017\/06\/7-junio-f-300x200.jpg 300w, https:\/\/ttd.pjud.cl\/ttd\/wp-content\/uploads\/2017\/06\/7-junio-f-768x512.jpg 768w, https:\/\/ttd.pjud.cl\/ttd\/wp-content\/uploads\/2017\/06\/7-junio-f-150x100.jpg 150w\" sizes=\"(max-width: 860px) 100vw, 860px\" \/><\/div>\n<div><img loading=\"lazy\" decoding=\"async\" class=\"alignnone wp-image-814 size-large\" src=\"https:\/\/ttd.pjud.cl\/ttd\/wp-content\/uploads\/2017\/06\/7-junio-g-1024x683.jpg\" alt=\"7 junio g\" width=\"860\" height=\"574\" srcset=\"https:\/\/ttd.pjud.cl\/ttd\/wp-content\/uploads\/2017\/06\/7-junio-g.jpg 1024w, https:\/\/ttd.pjud.cl\/ttd\/wp-content\/uploads\/2017\/06\/7-junio-g-300x200.jpg 300w, https:\/\/ttd.pjud.cl\/ttd\/wp-content\/uploads\/2017\/06\/7-junio-g-768x512.jpg 768w, https:\/\/ttd.pjud.cl\/ttd\/wp-content\/uploads\/2017\/06\/7-junio-g-150x100.jpg 150w\" sizes=\"(max-width: 860px) 100vw, 860px\" \/><\/div>\n<blockquote>\n<div>El presidente de la Corte Suprema, Hugo Dolmestch, encabez\u00f3 hoy -mi\u00e9rcoles 7 de junio- una audiencia de egreso de siete usuarios del programa Tribunales de Tratamiento de Drogas y, adem\u00e1s, de conmemoraci\u00f3n por los 10 de a\u00f1os desde su implementaci\u00f3n en el 15\u00b0 Juzgado de Garant\u00eda de Santiago.<\/div>\n<\/blockquote>\n<div>Fuente:\u00a0<a href=\"https:\/\/www.pjud.cl\/web\/guest\/noticias-del-poder-judicial\/-\/asset_publisher\/kV6Vdm3zNEWt\/content\/presidente-de-la-corte-suprema-encabeza-audiencia-de-egreso-de-usuarios-de-los-tribunales-de-tratamiento-de-drogas-del-15%C2%B0-juzgado-de-garantia-de-sant\">Poder Judicial chileno<\/a><\/div>\n<div><\/div>\n","protected":false},"excerpt":{"rendered":"<p>El presidente de la Corte Suprema, Hugo Dolmestch, encabez\u00f3 hoy -mi\u00e9rcoles 7 de junio- una audiencia de egreso de siete usuarios del programa \u00a0Tribunales de Tratamiento de Drogas y, adem\u00e1s,&#8230; <a class=\"continue-reading-link\" href=\"https:\/\/ttd.pjud.cl\/ttd\/?p=806\">Leer m\u00e1s &#8230;<\/a><\/p>\n","protected":false},"author":1,"featured_media":815,"comment_status":"open","ping_status":"open","sticky":false,"template":"","format":"standard","meta":{"footnotes":""},"categories":[1],"tags":[],"class_list":["post-806","post","type-post","status-publish","format-standard","has-post-thumbnail","hentry","category-sin-categoria"],"_links":{"self":[{"href":"https:\/\/ttd.pjud.cl\/ttd\/index.php?rest_route=\/wp\/v2\/posts\/806"}],"collection":[{"href":"https:\/\/ttd.pjud.cl\/ttd\/index.php?rest_route=\/wp\/v2\/posts"}],"about":[{"href":"https:\/\/ttd.pjud.cl\/ttd\/index.php?rest_route=\/wp\/v2\/types\/post"}],"author":[{"embeddable":true,"href":"https:\/\/ttd.pjud.cl\/ttd\/index.php?rest_route=\/wp\/v2\/users\/1"}],"replies":[{"embeddable":true,"href":"https:\/\/ttd.pjud.cl\/ttd\/index.php?rest_route=%2Fwp%2Fv2%2Fcomments&post=806"}],"version-history":[{"count":1,"href":"https:\/\/ttd.pjud.cl\/ttd\/index.php?rest_route=\/wp\/v2\/posts\/806\/revisions"}],"predecessor-version":[{"id":816,"href":"https:\/\/ttd.pjud.cl\/ttd\/index.php?rest_route=\/wp\/v2\/posts\/806\/revisions\/816"}],"wp:featuredmedia":[{"embeddable":true,"href":"https:\/\/ttd.pjud.cl\/ttd\/index.php?rest_route=\/wp\/v2\/media\/815"}],"wp:attachment":[{"href":"https:\/\/ttd.pjud.cl\/ttd\/index.php?rest_route=%2Fwp%2Fv2%2Fmedia&parent=806"}],"wp:term":[{"taxonomy":"category","embeddable":true,"href":"https:\/\/ttd.pjud.cl\/ttd\/index.php?rest_route=%2Fwp%2Fv2%2Fcategories&post=806"},{"taxonomy":"post_tag","embeddable":true,"href":"https:\/\/ttd.pjud.cl\/ttd\/index.php?rest_route=%2Fwp%2Fv2%2Ftags&post=806"}],"curies":[{"name":"wp","href":"https:\/\/api.w.org\/{rel}","templated":true}]}}