{"id":901,"date":"2018-03-02T15:23:15","date_gmt":"2018-03-02T15:23:15","guid":{"rendered":"http:\/\/vmttdprod01.cadm.pjud\/ttd\/?p=901"},"modified":"2018-03-02T15:23:15","modified_gmt":"2018-03-02T15:23:15","slug":"cuenta-publica-presidente-de-la-corte-suprema-sr-haroldo-brito-mencion-sobre-ttd-y-cumbre-judicial-iberoamericana","status":"publish","type":"post","link":"https:\/\/ttd.pjud.cl\/ttd\/?p=901","title":{"rendered":"Cuenta P\u00fablica Presidente de la Corte Suprema Sr. Haroldo Brito menci\u00f3n sobre TTD y Cumbre Judicial Iberoamericana"},"content":{"rendered":"<div id=\"attachment_902\" style=\"width: 305px\" class=\"wp-caption alignleft\"><img loading=\"lazy\" decoding=\"async\" aria-describedby=\"caption-attachment-902\" class=\"wp-image-902 size-medium\" src=\"https:\/\/ttd.pjud.cl\/ttd\/wp-content\/uploads\/2018\/03\/Haroldo-Brito-295x300.jpg\" alt=\"10 de Enero de 2018 Retratos al Presidente de la Corte Suprema, Haroldo Brito, Reportajes del Diario la Tercera. Foto: Marcelo Segura \/ Diario La Tercera\" width=\"295\" height=\"300\" srcset=\"https:\/\/ttd.pjud.cl\/ttd\/wp-content\/uploads\/2018\/03\/Haroldo-Brito-295x300.jpg 295w, https:\/\/ttd.pjud.cl\/ttd\/wp-content\/uploads\/2018\/03\/Haroldo-Brito-768x780.jpg 768w, https:\/\/ttd.pjud.cl\/ttd\/wp-content\/uploads\/2018\/03\/Haroldo-Brito-1008x1024.jpg 1008w, https:\/\/ttd.pjud.cl\/ttd\/wp-content\/uploads\/2018\/03\/Haroldo-Brito-148x150.jpg 148w, https:\/\/ttd.pjud.cl\/ttd\/wp-content\/uploads\/2018\/03\/Haroldo-Brito-1210x1230.jpg 1210w, https:\/\/ttd.pjud.cl\/ttd\/wp-content\/uploads\/2018\/03\/Haroldo-Brito.jpg 1844w\" sizes=\"(max-width: 295px) 100vw, 295px\" \/><p id=\"caption-attachment-902\" class=\"wp-caption-text\">Foto: Marcelo Segura \/ Diario La Tercera<\/p><\/div>\n<h4 style=\"text-align: justify;\"><span id=\"main_ltBajada\">El Presidente de la Corte Suprema, Se\u00f1or \u00a0Haroldo Brito, en el Palacio de Tribunales de Justicia, dio cuenta p\u00fablica del funcionamiento de 2017.\u00a0<\/span>Entre los puntos mencionados destacamos dos, Cumbre Judicial Iberoamericana y Tribunales de Tratamiento de Drogas y alcohol.<\/h4>\n<p style=\"text-align: justify;\">Con respecto a la cumbre Judicial Iberoamericana el Presidente Sr. Haroldo Brito mencion\u00f3 lo siguiente:<\/p>\n<p style=\"text-align: justify;\"><strong><em>&#8220;En el \u00e1mbito internacional nos parece que el entendimiento y valoraci\u00f3n de otras experiencias es una oportunidad de fortalecimiento. Por ello es que, hace ya muchos a\u00f1os, nos hemos incorporado a la Cumbre Judicial Iberoamericana que aglutina a todos los Tribunales Supremos y Consejos Nacionales de la Justicia, lo que ha sido muy provechoso. La entidad lidera la generaci\u00f3n de conocimiento ligado a lo jurisdiccional. En esta instancia, el Poder Judicial chileno ha colaborado fuertemente, entre otros, en temas tales como M\u00e9todos Alternativos de Resoluci\u00f3n de Conflictos, Tribunales de Tratamiento de Drogas, G\u00e9nero y Acceso a la Justicia, Justicia Ambiental, \u00c9tica Judicial, Lenguaje Claro y Sencillo, tecnolog\u00eda jurisdiccional, entre otros.<\/em><\/strong><br \/>\n<strong><em>En abril pr\u00f3ximo, en Quito, ser\u00e1n aprobadas diversas declaraciones, todas orientadoras de lo jurisdiccional, acerca de la Independencia Judicial, Justicia Ciudadana y Participativa, Justicia Juvenil Restaurativa, y Principios Jur\u00eddicos Medioambientales para un Desarrollo Ecol\u00f3gicamente Sostenible.<\/em><\/strong><br \/>\n<strong><em>Estamos convencidos que estas relaciones son provechosas a nuestras pretensiones de cambio e innovaci\u00f3n.&#8221;<\/em><\/strong><\/p>\n<p style=\"text-align: justify;\">En relaci\u00f3n\u00a0a los Tribunales de Tratamiento de Drogas y alcohol (TTD) la cuenta p\u00fablica del Sr. presidente de la Corte Suprema indic\u00f3 lo siguiente:<\/p>\n<p style=\"text-align: justify;\"><strong><em>&#8220;Programa Tribunales Tratamiento de Drogas (TTD)<\/em><\/strong><br \/>\n<strong><em>En este mismo orden de ideas, quisiera destacar que tambi\u00e9n avanzamos en el trabajo realizado desde hace ya varios a\u00f1os en el Programa Tribunales de Tratamiento de Drogas, que son juzgados de garant\u00eda que resuelven la suspensi\u00f3n condicional del proceso en base al compromiso de terapia, ello es posible porque esta modalidad de justicia terap\u00e9utica es aplicada con el concurso del Ministerio P\u00fablico y la Defensor\u00eda Penal P\u00fablica, adem\u00e1s de la asistencia t\u00e9cnica que proporciona el Servicio Nacional para la Prevenci\u00f3n y Rehabilitaci\u00f3n del Consumo de Drogas y Alcohol (SENDA). Hemos ampliado la cobertura a j\u00f3venes infractores, sum\u00e1ndose a esta modalidad 21 tribunales que anteriormente atend\u00edan s\u00f3lo a adultos.&#8221;<\/em><\/strong><\/p>\n<p style=\"text-align: justify;\"><img loading=\"lazy\" decoding=\"async\" class=\"aligncenter wp-image-904 size-full\" src=\"https:\/\/ttd.pjud.cl\/ttd\/wp-content\/uploads\/2018\/03\/Cuenta-publica.jpg\" alt=\"Cuenta publica\" width=\"653\" height=\"431\" srcset=\"https:\/\/ttd.pjud.cl\/ttd\/wp-content\/uploads\/2018\/03\/Cuenta-publica.jpg 653w, https:\/\/ttd.pjud.cl\/ttd\/wp-content\/uploads\/2018\/03\/Cuenta-publica-300x198.jpg 300w, https:\/\/ttd.pjud.cl\/ttd\/wp-content\/uploads\/2018\/03\/Cuenta-publica-150x99.jpg 150w\" sizes=\"(max-width: 653px) 100vw, 653px\" \/><\/p>\n<p>&nbsp;<\/p>\n<div class='w3eden'><!-- WPDM Link Template: Default Template -->\n\n<div class=\"link-template-default card mb-2\">\n    <div class=\"card-body\">\n        <div class=\"media\">\n            <div class=\"mr-3 img-48\"><img decoding=\"async\" class=\"wpdm_icon\" alt=\"Icono\"   src=\"https:\/\/ttd.pjud.cl\/ttd\/wp-content\/plugins\/download-manager\/assets\/file-type-icons\/pdf.png\" \/><\/div>\n            <div class=\"media-body\">\n                <h3 class=\"package-title\"><a href='https:\/\/ttd.pjud.cl\/ttd\/?wpdmpro=cuenta-publica-presidente-corte-suprema-haroldo-brito'>Cuenta P\u00fablica Presidente Corte Suprema Haroldo Brito<\/a><\/h3>\n                <div class=\"text-muted text-small\"><i class=\"fas fa-copy\"><\/i> 1 archivo (s) <i class=\"fas fa-hdd ml-3\"><\/i> 504.99 KB<\/div>\n            <\/div>\n            <div class=\"ml-3\">\n                <a class='wpdm-download-link download-on-click btn btn-primary ' rel='nofollow' href='#' data-downloadurl=\"https:\/\/ttd.pjud.cl\/ttd\/?wpdmpro=cuenta-publica-presidente-corte-suprema-haroldo-brito&wpdmdl=907&refresh=69f527b4979a21777674164\">Descargar<\/a>\n            <\/div>\n        <\/div>\n    <\/div>\n<\/div>\n\n<\/div>\n","protected":false},"excerpt":{"rendered":"<p>El Presidente de la Corte Suprema, Se\u00f1or \u00a0Haroldo Brito, en el Palacio de Tribunales de Justicia, dio cuenta p\u00fablica del funcionamiento de 2017.\u00a0Entre los puntos mencionados destacamos dos, Cumbre Judicial&#8230; <a class=\"continue-reading-link\" href=\"https:\/\/ttd.pjud.cl\/ttd\/?p=901\">Leer m\u00e1s &#8230;<\/a><\/p>\n","protected":false},"author":2,"featured_media":904,"comment_status":"open","ping_status":"open","sticky":false,"template":"","format":"standard","meta":{"footnotes":""},"categories":[1],"tags":[],"class_list":["post-901","post","type-post","status-publish","format-standard","has-post-thumbnail","hentry","category-sin-categoria"],"_links":{"self":[{"href":"https:\/\/ttd.pjud.cl\/ttd\/index.php?rest_route=\/wp\/v2\/posts\/901"}],"collection":[{"href":"https:\/\/ttd.pjud.cl\/ttd\/index.php?rest_route=\/wp\/v2\/posts"}],"about":[{"href":"https:\/\/ttd.pjud.cl\/ttd\/index.php?rest_route=\/wp\/v2\/types\/post"}],"author":[{"embeddable":true,"href":"https:\/\/ttd.pjud.cl\/ttd\/index.php?rest_route=\/wp\/v2\/users\/2"}],"replies":[{"embeddable":true,"href":"https:\/\/ttd.pjud.cl\/ttd\/index.php?rest_route=%2Fwp%2Fv2%2Fcomments&post=901"}],"version-history":[{"count":3,"href":"https:\/\/ttd.pjud.cl\/ttd\/index.php?rest_route=\/wp\/v2\/posts\/901\/revisions"}],"predecessor-version":[{"id":911,"href":"https:\/\/ttd.pjud.cl\/ttd\/index.php?rest_route=\/wp\/v2\/posts\/901\/revisions\/911"}],"wp:featuredmedia":[{"embeddable":true,"href":"https:\/\/ttd.pjud.cl\/ttd\/index.php?rest_route=\/wp\/v2\/media\/904"}],"wp:attachment":[{"href":"https:\/\/ttd.pjud.cl\/ttd\/index.php?rest_route=%2Fwp%2Fv2%2Fmedia&parent=901"}],"wp:term":[{"taxonomy":"category","embeddable":true,"href":"https:\/\/ttd.pjud.cl\/ttd\/index.php?rest_route=%2Fwp%2Fv2%2Fcategories&post=901"},{"taxonomy":"post_tag","embeddable":true,"href":"https:\/\/ttd.pjud.cl\/ttd\/index.php?rest_route=%2Fwp%2Fv2%2Ftags&post=901"}],"curies":[{"name":"wp","href":"https:\/\/api.w.org\/{rel}","templated":true}]}}